{"id":4148,"date":"2021-05-27T13:14:00","date_gmt":"2021-05-27T11:14:00","guid":{"rendered":"https:\/\/www.institutmacula.com\/linstitut-de-la-macula-incorpora-equipament-diagnostic-dultima-generacio-per-a-la-cirurgia-refractiva-corneal-i-cirurgia-premium-de-cataractes-2\/"},"modified":"2023-08-01T16:54:37","modified_gmt":"2023-08-01T14:54:37","slug":"el-institut-de-la-macula-incorpora-equipamiento-diagnostico-de-ultima-generacion-para-la-cirugia-refractiva-corneal-y-cirugia-premium-de-cataratas-2","status":"publish","type":"post","link":"https:\/\/www.institutmacula.com\/es\/el-institut-de-la-macula-incorpora-equipamiento-diagnostico-de-ultima-generacion-para-la-cirugia-refractiva-corneal-y-cirugia-premium-de-cataratas-2\/","title":{"rendered":"El Institut de la M\u00e0cula incorpora equipamiento diagn\u00f3stico de \u00faltima generaci\u00f3n para la cirug\u00eda refractiva corneal y cirug\u00eda premium de cataratas"},"content":{"rendered":"\n<figure class=\"wp-block-image aligncenter size-full\"><img fetchpriority=\"high\" decoding=\"async\" width=\"1200\" height=\"900\" src=\"https:\/\/www.institutmacula.com\/wp-content\/uploads\/2023\/06\/pentacam.jpg\" alt=\"Pentacam\" class=\"wp-image-2256\" srcset=\"https:\/\/www.institutmacula.com\/wp-content\/uploads\/2023\/06\/pentacam.jpg 1200w, https:\/\/www.institutmacula.com\/wp-content\/uploads\/2023\/06\/pentacam-300x225.jpg 300w, https:\/\/www.institutmacula.com\/wp-content\/uploads\/2023\/06\/pentacam-1024x768.jpg 1024w, https:\/\/www.institutmacula.com\/wp-content\/uploads\/2023\/06\/pentacam-768x576.jpg 768w\" sizes=\"(max-width: 1200px) 100vw, 1200px\" \/><\/figure>\n\n\n\n<p>A la hora de abordar una cirug\u00eda es fundamental tener medidas precisas de los diferentes par\u00e1metros clave del ojo. Si hablamos de las mejores pr\u00e1cticas quir\u00fargicas en cataratas, es necesario ir m\u00e1s all\u00e1 de la biometr\u00eda y la queratrometr\u00eda de la superficie anterior del ojo. Para tener las m\u00e1ximas garant\u00edas de \u00e9xito, debemos conocer con exactitud la superficie corneal posterior, la profundidad de la c\u00e1mara anterior del ojo y, tambi\u00e9n, la biometr\u00eda \u00f3ptica.<\/p>\n\n\n\n<p>En el Institut de la M\u00e0cula hemos incorporado recientemente la mejor herramienta para la medici\u00f3n de estos par\u00e1metros fundamentales en nuestra pr\u00e1ctica habitual. Es el \u00faltimo modelo de Pentacam, el Pentacam AXL wave, el primero que se instala en Catalu\u00f1a. Un aparato que permite profundizar en indicadores como las aberraciones totales del ojo y la refracci\u00f3n objetiva. Tambi\u00e9n nos da un par\u00e1metro exacto de la retroiluminaci\u00f3n para la evaluaci\u00f3n preoperatoria en las opacidades de cristalino \u2014en pupila no dilatada- y el control postoperatorio preciso de la posici\u00f3n y la inclinaci\u00f3n de la lente intraocular (LIO).<\/p>\n\n\n\n<p>Este dispositivo no s\u00f3lo se utiliza para las evaluaciones preoperatorias de las cirug\u00edas refractivas corneales, sino tambi\u00e9n para las cirug\u00edas de cataratas con correcci\u00f3n de la presbicia, para las cuales nos permite la elecci\u00f3n personalizada de la lente intraocular m\u00e1s indicada. Es especialmente \u00fatil, tambi\u00e9n, para llevar a cabo el seguimiento de patolog\u00edas corneales, como el queratocono y las ectasias corneales, entre otras.<\/p>\n","protected":false},"excerpt":{"rendered":"<p>A la hora de abordar una cirug\u00eda es fundamental tener medidas precisas de los diferentes par\u00e1metros clave del ojo. Si hablamos de las mejores pr\u00e1cticas quir\u00fargicas en cataratas, es necesario ir m\u00e1s all\u00e1 de la biometr\u00eda y la queratrometr\u00eda de la superficie anterior del ojo. Para tener las m\u00e1ximas garant\u00edas de \u00e9xito, debemos conocer con [&hellip;]<\/p>\n","protected":false},"author":1,"featured_media":3802,"comment_status":"closed","ping_status":"closed","sticky":false,"template":"","format":"standard","meta":{"_acf_changed":false,"site-sidebar-layout":"default","site-content-layout":"","ast-site-content-layout":"default","site-content-style":"default","site-sidebar-style":"default","ast-global-header-display":"","ast-banner-title-visibility":"","ast-main-header-display":"","ast-hfb-above-header-display":"","ast-hfb-below-header-display":"","ast-hfb-mobile-header-display":"","site-post-title":"","ast-breadcrumbs-content":"","ast-featured-img":"","footer-sml-layout":"","ast-disable-related-posts":"","theme-transparent-header-meta":"","adv-header-id-meta":"","stick-header-meta":"","header-above-stick-meta":"","header-main-stick-meta":"","header-below-stick-meta":"","astra-migrate-meta-layouts":"default","ast-page-background-enabled":"default","ast-page-background-meta":{"desktop":{"background-color":"var(--ast-global-color-4)","background-image":"","background-repeat":"repeat","background-position":"center center","background-size":"auto","background-attachment":"scroll","background-type":"","background-media":"","overlay-type":"","overlay-color":"","overlay-opacity":"","overlay-gradient":""},"tablet":{"background-color":"","background-image":"","background-repeat":"repeat","background-position":"center center","background-size":"auto","background-attachment":"scroll","background-type":"","background-media":"","overlay-type":"","overlay-color":"","overlay-opacity":"","overlay-gradient":""},"mobile":{"background-color":"","background-image":"","background-repeat":"repeat","background-position":"center center","background-size":"auto","background-attachment":"scroll","background-type":"","background-media":"","overlay-type":"","overlay-color":"","overlay-opacity":"","overlay-gradient":""}},"ast-content-background-meta":{"desktop":{"background-color":"var(--ast-global-color-5)","background-image":"","background-repeat":"repeat","background-position":"center center","background-size":"auto","background-attachment":"scroll","background-type":"","background-media":"","overlay-type":"","overlay-color":"","overlay-opacity":"","overlay-gradient":""},"tablet":{"background-color":"var(--ast-global-color-5)","background-image":"","background-repeat":"repeat","background-position":"center center","background-size":"auto","background-attachment":"scroll","background-type":"","background-media":"","overlay-type":"","overlay-color":"","overlay-opacity":"","overlay-gradient":""},"mobile":{"background-color":"var(--ast-global-color-5)","background-image":"","background-repeat":"repeat","background-position":"center center","background-size":"auto","background-attachment":"scroll","background-type":"","background-media":"","overlay-type":"","overlay-color":"","overlay-opacity":"","overlay-gradient":""}},"footnotes":""},"categories":[33],"tags":[],"class_list":["post-4148","post","type-post","status-publish","format-standard","has-post-thumbnail","hentry","category-noticias"],"acf":[],"yoast_head":"<!-- This site is optimized with the Yoast SEO plugin v26.9 - https:\/\/yoast.com\/product\/yoast-seo-wordpress\/ -->\n<title>El Institut de la M\u00e0cula incorpora equipamiento diagn\u00f3stico de \u00faltima generaci\u00f3n para la cirug\u00eda refractiva corneal y cirug\u00eda premium de cataratas - Institut de la M\u00e0cula<\/title>\n<meta name=\"robots\" content=\"index, follow, max-snippet:-1, max-image-preview:large, max-video-preview:-1\" \/>\n<link rel=\"canonical\" href=\"https:\/\/www.institutmacula.com\/es\/el-institut-de-la-macula-incorpora-equipamiento-diagnostico-de-ultima-generacion-para-la-cirugia-refractiva-corneal-y-cirugia-premium-de-cataratas-2\/\" \/>\n<meta property=\"og:locale\" content=\"es_ES\" \/>\n<meta property=\"og:type\" content=\"article\" \/>\n<meta property=\"og:title\" content=\"El Institut de la M\u00e0cula incorpora equipamiento diagn\u00f3stico de \u00faltima generaci\u00f3n para la cirug\u00eda refractiva corneal y cirug\u00eda premium de cataratas - Institut de la M\u00e0cula\" \/>\n<meta property=\"og:description\" content=\"A la hora de abordar una cirug\u00eda es fundamental tener medidas precisas de los diferentes par\u00e1metros clave del ojo. Si hablamos de las mejores pr\u00e1cticas quir\u00fargicas en cataratas, es necesario ir m\u00e1s all\u00e1 de la biometr\u00eda y la queratrometr\u00eda de la superficie anterior del ojo. Para tener las m\u00e1ximas garant\u00edas de \u00e9xito, debemos conocer con [&hellip;]\" \/>\n<meta property=\"og:url\" content=\"https:\/\/www.institutmacula.com\/es\/el-institut-de-la-macula-incorpora-equipamiento-diagnostico-de-ultima-generacion-para-la-cirugia-refractiva-corneal-y-cirugia-premium-de-cataratas-2\/\" \/>\n<meta property=\"og:site_name\" content=\"Institut de la M\u00e0cula\" \/>\n<meta property=\"article:published_time\" content=\"2021-05-27T11:14:00+00:00\" \/>\n<meta property=\"article:modified_time\" content=\"2023-08-01T14:54:37+00:00\" \/>\n<meta property=\"og:image\" content=\"https:\/\/www.institutmacula.com\/wp-content\/uploads\/2023\/06\/pentacam.jpg\" \/>\n\t<meta property=\"og:image:width\" content=\"1200\" \/>\n\t<meta property=\"og:image:height\" content=\"900\" \/>\n\t<meta property=\"og:image:type\" content=\"image\/jpeg\" \/>\n<meta name=\"author\" content=\"mllibre\" \/>\n<meta name=\"twitter:card\" content=\"summary_large_image\" \/>\n<meta name=\"twitter:label1\" content=\"Escrito por\" \/>\n\t<meta name=\"twitter:data1\" content=\"mllibre\" \/>\n\t<meta name=\"twitter:label2\" content=\"Tiempo de lectura\" \/>\n\t<meta name=\"twitter:data2\" content=\"1 minuto\" \/>\n<script type=\"application\/ld+json\" class=\"yoast-schema-graph\">{\"@context\":\"https:\/\/schema.org\",\"@graph\":[{\"@type\":\"Article\",\"@id\":\"https:\/\/www.institutmacula.com\/es\/el-institut-de-la-macula-incorpora-equipamiento-diagnostico-de-ultima-generacion-para-la-cirugia-refractiva-corneal-y-cirugia-premium-de-cataratas-2\/#article\",\"isPartOf\":{\"@id\":\"https:\/\/www.institutmacula.com\/es\/el-institut-de-la-macula-incorpora-equipamiento-diagnostico-de-ultima-generacion-para-la-cirugia-refractiva-corneal-y-cirugia-premium-de-cataratas-2\/\"},\"author\":{\"name\":\"mllibre\",\"@id\":\"https:\/\/www.institutmacula.com\/es\/#\/schema\/person\/a686371d69fa87f058071b9d5a952536\"},\"headline\":\"El Institut de la M\u00e0cula incorpora equipamiento diagn\u00f3stico de \u00faltima generaci\u00f3n para la cirug\u00eda refractiva corneal y cirug\u00eda premium de cataratas\",\"datePublished\":\"2021-05-27T11:14:00+00:00\",\"dateModified\":\"2023-08-01T14:54:37+00:00\",\"mainEntityOfPage\":{\"@id\":\"https:\/\/www.institutmacula.com\/es\/el-institut-de-la-macula-incorpora-equipamiento-diagnostico-de-ultima-generacion-para-la-cirugia-refractiva-corneal-y-cirugia-premium-de-cataratas-2\/\"},\"wordCount\":290,\"publisher\":{\"@id\":\"https:\/\/www.institutmacula.com\/es\/#organization\"},\"image\":{\"@id\":\"https:\/\/www.institutmacula.com\/es\/el-institut-de-la-macula-incorpora-equipamiento-diagnostico-de-ultima-generacion-para-la-cirugia-refractiva-corneal-y-cirugia-premium-de-cataratas-2\/#primaryimage\"},\"thumbnailUrl\":\"https:\/\/www.institutmacula.com\/wp-content\/uploads\/2023\/06\/pentacam.jpg\",\"articleSection\":[\"Noticias\"],\"inLanguage\":\"es\"},{\"@type\":\"WebPage\",\"@id\":\"https:\/\/www.institutmacula.com\/es\/el-institut-de-la-macula-incorpora-equipamiento-diagnostico-de-ultima-generacion-para-la-cirugia-refractiva-corneal-y-cirugia-premium-de-cataratas-2\/\",\"url\":\"https:\/\/www.institutmacula.com\/es\/el-institut-de-la-macula-incorpora-equipamiento-diagnostico-de-ultima-generacion-para-la-cirugia-refractiva-corneal-y-cirugia-premium-de-cataratas-2\/\",\"name\":\"El Institut de la M\u00e0cula incorpora equipamiento diagn\u00f3stico de \u00faltima generaci\u00f3n para la cirug\u00eda refractiva corneal y cirug\u00eda premium de cataratas - Institut de la M\u00e0cula\",\"isPartOf\":{\"@id\":\"https:\/\/www.institutmacula.com\/es\/#website\"},\"primaryImageOfPage\":{\"@id\":\"https:\/\/www.institutmacula.com\/es\/el-institut-de-la-macula-incorpora-equipamiento-diagnostico-de-ultima-generacion-para-la-cirugia-refractiva-corneal-y-cirugia-premium-de-cataratas-2\/#primaryimage\"},\"image\":{\"@id\":\"https:\/\/www.institutmacula.com\/es\/el-institut-de-la-macula-incorpora-equipamiento-diagnostico-de-ultima-generacion-para-la-cirugia-refractiva-corneal-y-cirugia-premium-de-cataratas-2\/#primaryimage\"},\"thumbnailUrl\":\"https:\/\/www.institutmacula.com\/wp-content\/uploads\/2023\/06\/pentacam.jpg\",\"datePublished\":\"2021-05-27T11:14:00+00:00\",\"dateModified\":\"2023-08-01T14:54:37+00:00\",\"breadcrumb\":{\"@id\":\"https:\/\/www.institutmacula.com\/es\/el-institut-de-la-macula-incorpora-equipamiento-diagnostico-de-ultima-generacion-para-la-cirugia-refractiva-corneal-y-cirugia-premium-de-cataratas-2\/#breadcrumb\"},\"inLanguage\":\"es\",\"potentialAction\":[{\"@type\":\"ReadAction\",\"target\":[\"https:\/\/www.institutmacula.com\/es\/el-institut-de-la-macula-incorpora-equipamiento-diagnostico-de-ultima-generacion-para-la-cirugia-refractiva-corneal-y-cirugia-premium-de-cataratas-2\/\"]}]},{\"@type\":\"ImageObject\",\"inLanguage\":\"es\",\"@id\":\"https:\/\/www.institutmacula.com\/es\/el-institut-de-la-macula-incorpora-equipamiento-diagnostico-de-ultima-generacion-para-la-cirugia-refractiva-corneal-y-cirugia-premium-de-cataratas-2\/#primaryimage\",\"url\":\"https:\/\/www.institutmacula.com\/wp-content\/uploads\/2023\/06\/pentacam.jpg\",\"contentUrl\":\"https:\/\/www.institutmacula.com\/wp-content\/uploads\/2023\/06\/pentacam.jpg\",\"width\":1200,\"height\":900},{\"@type\":\"BreadcrumbList\",\"@id\":\"https:\/\/www.institutmacula.com\/es\/el-institut-de-la-macula-incorpora-equipamiento-diagnostico-de-ultima-generacion-para-la-cirugia-refractiva-corneal-y-cirugia-premium-de-cataratas-2\/#breadcrumb\",\"itemListElement\":[{\"@type\":\"ListItem\",\"position\":1,\"name\":\"Inici\",\"item\":\"https:\/\/www.institutmacula.com\/es\/\"},{\"@type\":\"ListItem\",\"position\":2,\"name\":\"El Institut de la M\u00e0cula incorpora equipamiento diagn\u00f3stico de \u00faltima generaci\u00f3n para la cirug\u00eda refractiva corneal y cirug\u00eda premium de cataratas\"}]},{\"@type\":\"WebSite\",\"@id\":\"https:\/\/www.institutmacula.com\/es\/#website\",\"url\":\"https:\/\/www.institutmacula.com\/es\/\",\"name\":\"Institut de la M\u00e0cula\",\"description\":\"Innovating Eye Care\",\"publisher\":{\"@id\":\"https:\/\/www.institutmacula.com\/es\/#organization\"},\"potentialAction\":[{\"@type\":\"SearchAction\",\"target\":{\"@type\":\"EntryPoint\",\"urlTemplate\":\"https:\/\/www.institutmacula.com\/es\/?s={search_term_string}\"},\"query-input\":{\"@type\":\"PropertyValueSpecification\",\"valueRequired\":true,\"valueName\":\"search_term_string\"}}],\"inLanguage\":\"es\"},{\"@type\":\"Organization\",\"@id\":\"https:\/\/www.institutmacula.com\/es\/#organization\",\"name\":\"Institut de la M\u00e0cula\",\"url\":\"https:\/\/www.institutmacula.com\/es\/\",\"logo\":{\"@type\":\"ImageObject\",\"inLanguage\":\"es\",\"@id\":\"https:\/\/www.institutmacula.com\/es\/#\/schema\/logo\/image\/\",\"url\":\"https:\/\/www.institutmacula.com\/wp-content\/uploads\/2024\/02\/logo-Institut-de-la-Macula-24.png\",\"contentUrl\":\"https:\/\/www.institutmacula.com\/wp-content\/uploads\/2024\/02\/logo-Institut-de-la-Macula-24.png\",\"width\":300,\"height\":120,\"caption\":\"Institut de la M\u00e0cula\"},\"image\":{\"@id\":\"https:\/\/www.institutmacula.com\/es\/#\/schema\/logo\/image\/\"}},{\"@type\":\"Person\",\"@id\":\"https:\/\/www.institutmacula.com\/es\/#\/schema\/person\/a686371d69fa87f058071b9d5a952536\",\"name\":\"mllibre\"}]}<\/script>\n<!-- \/ Yoast SEO plugin. -->","yoast_head_json":{"title":"El Institut de la M\u00e0cula incorpora equipamiento diagn\u00f3stico de \u00faltima generaci\u00f3n para la cirug\u00eda refractiva corneal y cirug\u00eda premium de cataratas - Institut de la M\u00e0cula","robots":{"index":"index","follow":"follow","max-snippet":"max-snippet:-1","max-image-preview":"max-image-preview:large","max-video-preview":"max-video-preview:-1"},"canonical":"https:\/\/www.institutmacula.com\/es\/el-institut-de-la-macula-incorpora-equipamiento-diagnostico-de-ultima-generacion-para-la-cirugia-refractiva-corneal-y-cirugia-premium-de-cataratas-2\/","og_locale":"es_ES","og_type":"article","og_title":"El Institut de la M\u00e0cula incorpora equipamiento diagn\u00f3stico de \u00faltima generaci\u00f3n para la cirug\u00eda refractiva corneal y cirug\u00eda premium de cataratas - Institut de la M\u00e0cula","og_description":"A la hora de abordar una cirug\u00eda es fundamental tener medidas precisas de los diferentes par\u00e1metros clave del ojo. Si hablamos de las mejores pr\u00e1cticas quir\u00fargicas en cataratas, es necesario ir m\u00e1s all\u00e1 de la biometr\u00eda y la queratrometr\u00eda de la superficie anterior del ojo. Para tener las m\u00e1ximas garant\u00edas de \u00e9xito, debemos conocer con [&hellip;]","og_url":"https:\/\/www.institutmacula.com\/es\/el-institut-de-la-macula-incorpora-equipamiento-diagnostico-de-ultima-generacion-para-la-cirugia-refractiva-corneal-y-cirugia-premium-de-cataratas-2\/","og_site_name":"Institut de la M\u00e0cula","article_published_time":"2021-05-27T11:14:00+00:00","article_modified_time":"2023-08-01T14:54:37+00:00","og_image":[{"width":1200,"height":900,"url":"https:\/\/www.institutmacula.com\/wp-content\/uploads\/2023\/06\/pentacam.jpg","type":"image\/jpeg"}],"author":"mllibre","twitter_card":"summary_large_image","twitter_misc":{"Escrito por":"mllibre","Tiempo de lectura":"1 minuto"},"schema":{"@context":"https:\/\/schema.org","@graph":[{"@type":"Article","@id":"https:\/\/www.institutmacula.com\/es\/el-institut-de-la-macula-incorpora-equipamiento-diagnostico-de-ultima-generacion-para-la-cirugia-refractiva-corneal-y-cirugia-premium-de-cataratas-2\/#article","isPartOf":{"@id":"https:\/\/www.institutmacula.com\/es\/el-institut-de-la-macula-incorpora-equipamiento-diagnostico-de-ultima-generacion-para-la-cirugia-refractiva-corneal-y-cirugia-premium-de-cataratas-2\/"},"author":{"name":"mllibre","@id":"https:\/\/www.institutmacula.com\/es\/#\/schema\/person\/a686371d69fa87f058071b9d5a952536"},"headline":"El Institut de la M\u00e0cula incorpora equipamiento diagn\u00f3stico de \u00faltima generaci\u00f3n para la cirug\u00eda refractiva corneal y cirug\u00eda premium de cataratas","datePublished":"2021-05-27T11:14:00+00:00","dateModified":"2023-08-01T14:54:37+00:00","mainEntityOfPage":{"@id":"https:\/\/www.institutmacula.com\/es\/el-institut-de-la-macula-incorpora-equipamiento-diagnostico-de-ultima-generacion-para-la-cirugia-refractiva-corneal-y-cirugia-premium-de-cataratas-2\/"},"wordCount":290,"publisher":{"@id":"https:\/\/www.institutmacula.com\/es\/#organization"},"image":{"@id":"https:\/\/www.institutmacula.com\/es\/el-institut-de-la-macula-incorpora-equipamiento-diagnostico-de-ultima-generacion-para-la-cirugia-refractiva-corneal-y-cirugia-premium-de-cataratas-2\/#primaryimage"},"thumbnailUrl":"https:\/\/www.institutmacula.com\/wp-content\/uploads\/2023\/06\/pentacam.jpg","articleSection":["Noticias"],"inLanguage":"es"},{"@type":"WebPage","@id":"https:\/\/www.institutmacula.com\/es\/el-institut-de-la-macula-incorpora-equipamiento-diagnostico-de-ultima-generacion-para-la-cirugia-refractiva-corneal-y-cirugia-premium-de-cataratas-2\/","url":"https:\/\/www.institutmacula.com\/es\/el-institut-de-la-macula-incorpora-equipamiento-diagnostico-de-ultima-generacion-para-la-cirugia-refractiva-corneal-y-cirugia-premium-de-cataratas-2\/","name":"El Institut de la M\u00e0cula incorpora equipamiento diagn\u00f3stico de \u00faltima generaci\u00f3n para la cirug\u00eda refractiva corneal y cirug\u00eda premium de cataratas - Institut de la M\u00e0cula","isPartOf":{"@id":"https:\/\/www.institutmacula.com\/es\/#website"},"primaryImageOfPage":{"@id":"https:\/\/www.institutmacula.com\/es\/el-institut-de-la-macula-incorpora-equipamiento-diagnostico-de-ultima-generacion-para-la-cirugia-refractiva-corneal-y-cirugia-premium-de-cataratas-2\/#primaryimage"},"image":{"@id":"https:\/\/www.institutmacula.com\/es\/el-institut-de-la-macula-incorpora-equipamiento-diagnostico-de-ultima-generacion-para-la-cirugia-refractiva-corneal-y-cirugia-premium-de-cataratas-2\/#primaryimage"},"thumbnailUrl":"https:\/\/www.institutmacula.com\/wp-content\/uploads\/2023\/06\/pentacam.jpg","datePublished":"2021-05-27T11:14:00+00:00","dateModified":"2023-08-01T14:54:37+00:00","breadcrumb":{"@id":"https:\/\/www.institutmacula.com\/es\/el-institut-de-la-macula-incorpora-equipamiento-diagnostico-de-ultima-generacion-para-la-cirugia-refractiva-corneal-y-cirugia-premium-de-cataratas-2\/#breadcrumb"},"inLanguage":"es","potentialAction":[{"@type":"ReadAction","target":["https:\/\/www.institutmacula.com\/es\/el-institut-de-la-macula-incorpora-equipamiento-diagnostico-de-ultima-generacion-para-la-cirugia-refractiva-corneal-y-cirugia-premium-de-cataratas-2\/"]}]},{"@type":"ImageObject","inLanguage":"es","@id":"https:\/\/www.institutmacula.com\/es\/el-institut-de-la-macula-incorpora-equipamiento-diagnostico-de-ultima-generacion-para-la-cirugia-refractiva-corneal-y-cirugia-premium-de-cataratas-2\/#primaryimage","url":"https:\/\/www.institutmacula.com\/wp-content\/uploads\/2023\/06\/pentacam.jpg","contentUrl":"https:\/\/www.institutmacula.com\/wp-content\/uploads\/2023\/06\/pentacam.jpg","width":1200,"height":900},{"@type":"BreadcrumbList","@id":"https:\/\/www.institutmacula.com\/es\/el-institut-de-la-macula-incorpora-equipamiento-diagnostico-de-ultima-generacion-para-la-cirugia-refractiva-corneal-y-cirugia-premium-de-cataratas-2\/#breadcrumb","itemListElement":[{"@type":"ListItem","position":1,"name":"Inici","item":"https:\/\/www.institutmacula.com\/es\/"},{"@type":"ListItem","position":2,"name":"El Institut de la M\u00e0cula incorpora equipamiento diagn\u00f3stico de \u00faltima generaci\u00f3n para la cirug\u00eda refractiva corneal y cirug\u00eda premium de cataratas"}]},{"@type":"WebSite","@id":"https:\/\/www.institutmacula.com\/es\/#website","url":"https:\/\/www.institutmacula.com\/es\/","name":"Institut de la M\u00e0cula","description":"Innovating Eye Care","publisher":{"@id":"https:\/\/www.institutmacula.com\/es\/#organization"},"potentialAction":[{"@type":"SearchAction","target":{"@type":"EntryPoint","urlTemplate":"https:\/\/www.institutmacula.com\/es\/?s={search_term_string}"},"query-input":{"@type":"PropertyValueSpecification","valueRequired":true,"valueName":"search_term_string"}}],"inLanguage":"es"},{"@type":"Organization","@id":"https:\/\/www.institutmacula.com\/es\/#organization","name":"Institut de la M\u00e0cula","url":"https:\/\/www.institutmacula.com\/es\/","logo":{"@type":"ImageObject","inLanguage":"es","@id":"https:\/\/www.institutmacula.com\/es\/#\/schema\/logo\/image\/","url":"https:\/\/www.institutmacula.com\/wp-content\/uploads\/2024\/02\/logo-Institut-de-la-Macula-24.png","contentUrl":"https:\/\/www.institutmacula.com\/wp-content\/uploads\/2024\/02\/logo-Institut-de-la-Macula-24.png","width":300,"height":120,"caption":"Institut de la M\u00e0cula"},"image":{"@id":"https:\/\/www.institutmacula.com\/es\/#\/schema\/logo\/image\/"}},{"@type":"Person","@id":"https:\/\/www.institutmacula.com\/es\/#\/schema\/person\/a686371d69fa87f058071b9d5a952536","name":"mllibre"}]}},"_links":{"self":[{"href":"https:\/\/www.institutmacula.com\/es\/wp-json\/wp\/v2\/posts\/4148","targetHints":{"allow":["GET"]}}],"collection":[{"href":"https:\/\/www.institutmacula.com\/es\/wp-json\/wp\/v2\/posts"}],"about":[{"href":"https:\/\/www.institutmacula.com\/es\/wp-json\/wp\/v2\/types\/post"}],"author":[{"embeddable":true,"href":"https:\/\/www.institutmacula.com\/es\/wp-json\/wp\/v2\/users\/1"}],"replies":[{"embeddable":true,"href":"https:\/\/www.institutmacula.com\/es\/wp-json\/wp\/v2\/comments?post=4148"}],"version-history":[{"count":1,"href":"https:\/\/www.institutmacula.com\/es\/wp-json\/wp\/v2\/posts\/4148\/revisions"}],"predecessor-version":[{"id":4150,"href":"https:\/\/www.institutmacula.com\/es\/wp-json\/wp\/v2\/posts\/4148\/revisions\/4150"}],"wp:featuredmedia":[{"embeddable":true,"href":"https:\/\/www.institutmacula.com\/es\/wp-json\/wp\/v2\/media\/3802"}],"wp:attachment":[{"href":"https:\/\/www.institutmacula.com\/es\/wp-json\/wp\/v2\/media?parent=4148"}],"wp:term":[{"taxonomy":"category","embeddable":true,"href":"https:\/\/www.institutmacula.com\/es\/wp-json\/wp\/v2\/categories?post=4148"},{"taxonomy":"post_tag","embeddable":true,"href":"https:\/\/www.institutmacula.com\/es\/wp-json\/wp\/v2\/tags?post=4148"}],"curies":[{"name":"wp","href":"https:\/\/api.w.org\/{rel}","templated":true}]}}