{"id":4157,"date":"2022-03-24T20:07:00","date_gmt":"2022-03-24T19:07:00","guid":{"rendered":"https:\/\/www.institutmacula.com\/les-claus-del-segment-posterior-per-al-personal-sanitari-no-oftalmoleg\/"},"modified":"2023-08-01T16:54:37","modified_gmt":"2023-08-01T14:54:37","slug":"les-claus-del-segment-posterior-per-al-personal-sanitari-no-oftalmoleg","status":"publish","type":"post","link":"https:\/\/www.institutmacula.com\/es\/les-claus-del-segment-posterior-per-al-personal-sanitari-no-oftalmoleg\/","title":{"rendered":"Las claves del segmento posterior para el personal sanitario no oftalm\u00f3logo"},"content":{"rendered":"\n<p><strong>MARC BIARN\u00c9S Y M\u00cdRIAM GARCIA, OPTOMETRISTAS DEL INSTITUT DE LA M\u00c0CULA, SON COAUTORES DE UN LIBRO QUE PONE LOS \u00daLTIMOS CONOCIMIENTOS SOBRE LAS PATOLOG\u00cdAS DEL SEGMENTO POSTERIOR AL ALCANCE DE TODOS LOS PROFESIONALES SANITARIOS NO M\u00c9DICOS QUE TRATAN CON TRASTORNOS DE LA RETINA Y DEL NERVIO \u00d3PTICO.<\/strong><\/p>\n\n\n\n<p>El libro \u201cRetina y nervio \u00f3ptico para optometristas y otros profesionales sanitarios\u201d, en el que han participado el Dr. Marc Biarn\u00e9s y M\u00edriam Garcia, optometristas del Institut de la M\u00e0cula, explica de manera asequible las enfermedades de retina y nervio \u00f3ptico para personal sanitario no m\u00e9dico. Juntamente con otros 9 optometristas expertos, explican las pruebas funcionales y de imagen utilizadas en cl\u00ednica para la exploraci\u00f3n de pacientes afectados por patolog\u00edas que afectan estas estructuras, as\u00ed como la descripci\u00f3n de las enfermedades m\u00e1s comunes adaptada a las necesidades del optometrista. Tambi\u00e9n proponen un curso de acci\u00f3n para derivar al especialista m\u00e9dico adecuado con la celeridad apropiada.<\/p>\n\n\n\n<p>El volumen nace con la vocaci\u00f3n de convertirse en referencia para todos los profesionales de la visi\u00f3n no m\u00e9dicos que tratan con los pacientes en primera l\u00ednea, y que necesitan conocer las caracter\u00edsticas b\u00e1sicas de las patolog\u00edas de la retina y del nervio \u00f3ptico para detectarlas cuanto antes y derivarlas a los especialistas correspondientes. Es, por tanto, un libro m\u00e1s espec\u00edfico para estos profesionales sanitarios que otros que se centran en el tratamiento m\u00e9dico y quir\u00fargico y que van dirigidos a m\u00e9dicos oftalm\u00f3logos. Adem\u00e1s, los autores incluyen cap\u00edtulos sobre los principios de la interpretaci\u00f3n de los estudios en este campo y sobre el papel de la telemedicina y la inteligencia artificial en enfermedades del segmento posterior, entre otros.<\/p>\n\n\n\n<p>El libro concluye con un cap\u00edtulo dedicado a explicar de manera comprensible los mecanismos por los cuales act\u00faan los tratamientos m\u00e1s utilizados por los oftalm\u00f3logos en estas condiciones.<\/p>\n\n\n\n<p>Con Biarn\u00e9s y Garcia, firman el libro\u00a0el Dr Gen\u00eds Cardona, Dr Diego Garc\u00eda Ayuso, Dra Noem\u00ed G\u00fcemes, Dra Victoria de Juan, Jes\u00fas Mar\u00edn, Dra Cristina Pe\u00f1a, Dra Elena Salobrar, Marta Sernau y Teyma Valero.<\/p>\n\n\n\n<p>Marc Biarn\u00e9s y M\u00edriam Garcia presentan la obra en el Congreso de Optometr\u00eda, Contactolog\u00eda y \u00d3ptica Oft\u00e1lmica OPTOM22.<\/p>\n","protected":false},"excerpt":{"rendered":"<p>MARC BIARN\u00c9S Y M\u00cdRIAM GARCIA, OPTOMETRISTAS DEL INSTITUT DE LA M\u00c0CULA, SON COAUTORES DE UN LIBRO QUE PONE LOS \u00daLTIMOS CONOCIMIENTOS SOBRE LAS PATOLOG\u00cdAS DEL SEGMENTO POSTERIOR AL ALCANCE DE TODOS LOS PROFESIONALES SANITARIOS NO M\u00c9DICOS QUE TRATAN CON TRASTORNOS DE LA RETINA Y DEL NERVIO \u00d3PTICO. El libro \u201cRetina y nervio \u00f3ptico para optometristas [&hellip;]<\/p>\n","protected":false},"author":1,"featured_media":3600,"comment_status":"closed","ping_status":"closed","sticky":false,"template":"","format":"standard","meta":{"_acf_changed":false,"site-sidebar-layout":"default","site-content-layout":"","ast-site-content-layout":"default","site-content-style":"default","site-sidebar-style":"default","ast-global-header-display":"","ast-banner-title-visibility":"","ast-main-header-display":"","ast-hfb-above-header-display":"","ast-hfb-below-header-display":"","ast-hfb-mobile-header-display":"","site-post-title":"","ast-breadcrumbs-content":"","ast-featured-img":"","footer-sml-layout":"","ast-disable-related-posts":"","theme-transparent-header-meta":"","adv-header-id-meta":"","stick-header-meta":"","header-above-stick-meta":"","header-main-stick-meta":"","header-below-stick-meta":"","astra-migrate-meta-layouts":"default","ast-page-background-enabled":"default","ast-page-background-meta":{"desktop":{"background-color":"var(--ast-global-color-4)","background-image":"","background-repeat":"repeat","background-position":"center center","background-size":"auto","background-attachment":"scroll","background-type":"","background-media":"","overlay-type":"","overlay-color":"","overlay-opacity":"","overlay-gradient":""},"tablet":{"background-color":"","background-image":"","background-repeat":"repeat","background-position":"center center","background-size":"auto","background-attachment":"scroll","background-type":"","background-media":"","overlay-type":"","overlay-color":"","overlay-opacity":"","overlay-gradient":""},"mobile":{"background-color":"","background-image":"","background-repeat":"repeat","background-position":"center center","background-size":"auto","background-attachment":"scroll","background-type":"","background-media":"","overlay-type":"","overlay-color":"","overlay-opacity":"","overlay-gradient":""}},"ast-content-background-meta":{"desktop":{"background-color":"var(--ast-global-color-5)","background-image":"","background-repeat":"repeat","background-position":"center center","background-size":"auto","background-attachment":"scroll","background-type":"","background-media":"","overlay-type":"","overlay-color":"","overlay-opacity":"","overlay-gradient":""},"tablet":{"background-color":"var(--ast-global-color-5)","background-image":"","background-repeat":"repeat","background-position":"center center","background-size":"auto","background-attachment":"scroll","background-type":"","background-media":"","overlay-type":"","overlay-color":"","overlay-opacity":"","overlay-gradient":""},"mobile":{"background-color":"var(--ast-global-color-5)","background-image":"","background-repeat":"repeat","background-position":"center center","background-size":"auto","background-attachment":"scroll","background-type":"","background-media":"","overlay-type":"","overlay-color":"","overlay-opacity":"","overlay-gradient":""}},"footnotes":""},"categories":[33],"tags":[],"class_list":["post-4157","post","type-post","status-publish","format-standard","has-post-thumbnail","hentry","category-noticias"],"acf":[],"yoast_head":"<!-- This site is optimized with the Yoast SEO plugin v26.9 - https:\/\/yoast.com\/product\/yoast-seo-wordpress\/ -->\n<title>Las claves del segmento posterior para el personal sanitario no oftalm\u00f3logo - Institut de la M\u00e0cula<\/title>\n<meta name=\"robots\" content=\"index, follow, max-snippet:-1, max-image-preview:large, max-video-preview:-1\" \/>\n<link rel=\"canonical\" href=\"https:\/\/www.institutmacula.com\/es\/les-claus-del-segment-posterior-per-al-personal-sanitari-no-oftalmoleg\/\" \/>\n<meta property=\"og:locale\" content=\"es_ES\" \/>\n<meta property=\"og:type\" content=\"article\" \/>\n<meta property=\"og:title\" content=\"Las claves del segmento posterior para el personal sanitario no oftalm\u00f3logo - Institut de la M\u00e0cula\" \/>\n<meta property=\"og:description\" content=\"MARC BIARN\u00c9S Y M\u00cdRIAM GARCIA, OPTOMETRISTAS DEL INSTITUT DE LA M\u00c0CULA, SON COAUTORES DE UN LIBRO QUE PONE LOS \u00daLTIMOS CONOCIMIENTOS SOBRE LAS PATOLOG\u00cdAS DEL SEGMENTO POSTERIOR AL ALCANCE DE TODOS LOS PROFESIONALES SANITARIOS NO M\u00c9DICOS QUE TRATAN CON TRASTORNOS DE LA RETINA Y DEL NERVIO \u00d3PTICO. El libro \u201cRetina y nervio \u00f3ptico para optometristas [&hellip;]\" \/>\n<meta property=\"og:url\" content=\"https:\/\/www.institutmacula.com\/es\/les-claus-del-segment-posterior-per-al-personal-sanitari-no-oftalmoleg\/\" \/>\n<meta property=\"og:site_name\" content=\"Institut de la M\u00e0cula\" \/>\n<meta property=\"article:published_time\" content=\"2022-03-24T19:07:00+00:00\" \/>\n<meta property=\"article:modified_time\" content=\"2023-08-01T14:54:37+00:00\" \/>\n<meta property=\"og:image\" content=\"https:\/\/www.institutmacula.com\/wp-content\/uploads\/2023\/02\/Miriam-Garcia-i-Marc-Biarnes-718x384-1.jpeg\" \/>\n\t<meta property=\"og:image:width\" content=\"718\" \/>\n\t<meta property=\"og:image:height\" content=\"384\" \/>\n\t<meta property=\"og:image:type\" content=\"image\/jpeg\" \/>\n<meta name=\"author\" content=\"mllibre\" \/>\n<meta name=\"twitter:card\" content=\"summary_large_image\" \/>\n<meta name=\"twitter:label1\" content=\"Escrito por\" \/>\n\t<meta name=\"twitter:data1\" content=\"mllibre\" \/>\n\t<meta name=\"twitter:label2\" content=\"Tiempo de lectura\" \/>\n\t<meta name=\"twitter:data2\" content=\"2 minutos\" \/>\n<script type=\"application\/ld+json\" class=\"yoast-schema-graph\">{\"@context\":\"https:\/\/schema.org\",\"@graph\":[{\"@type\":\"Article\",\"@id\":\"https:\/\/www.institutmacula.com\/es\/les-claus-del-segment-posterior-per-al-personal-sanitari-no-oftalmoleg\/#article\",\"isPartOf\":{\"@id\":\"https:\/\/www.institutmacula.com\/es\/les-claus-del-segment-posterior-per-al-personal-sanitari-no-oftalmoleg\/\"},\"author\":{\"name\":\"mllibre\",\"@id\":\"https:\/\/www.institutmacula.com\/es\/#\/schema\/person\/a686371d69fa87f058071b9d5a952536\"},\"headline\":\"Las claves del segmento posterior para el personal sanitario no oftalm\u00f3logo\",\"datePublished\":\"2022-03-24T19:07:00+00:00\",\"dateModified\":\"2023-08-01T14:54:37+00:00\",\"mainEntityOfPage\":{\"@id\":\"https:\/\/www.institutmacula.com\/es\/les-claus-del-segment-posterior-per-al-personal-sanitari-no-oftalmoleg\/\"},\"wordCount\":411,\"publisher\":{\"@id\":\"https:\/\/www.institutmacula.com\/es\/#organization\"},\"image\":{\"@id\":\"https:\/\/www.institutmacula.com\/es\/les-claus-del-segment-posterior-per-al-personal-sanitari-no-oftalmoleg\/#primaryimage\"},\"thumbnailUrl\":\"https:\/\/www.institutmacula.com\/wp-content\/uploads\/2023\/02\/Miriam-Garcia-i-Marc-Biarnes-718x384-1.jpeg\",\"articleSection\":[\"Noticias\"],\"inLanguage\":\"es\"},{\"@type\":\"WebPage\",\"@id\":\"https:\/\/www.institutmacula.com\/es\/les-claus-del-segment-posterior-per-al-personal-sanitari-no-oftalmoleg\/\",\"url\":\"https:\/\/www.institutmacula.com\/es\/les-claus-del-segment-posterior-per-al-personal-sanitari-no-oftalmoleg\/\",\"name\":\"Las claves del segmento posterior para el personal sanitario no oftalm\u00f3logo - Institut de la M\u00e0cula\",\"isPartOf\":{\"@id\":\"https:\/\/www.institutmacula.com\/es\/#website\"},\"primaryImageOfPage\":{\"@id\":\"https:\/\/www.institutmacula.com\/es\/les-claus-del-segment-posterior-per-al-personal-sanitari-no-oftalmoleg\/#primaryimage\"},\"image\":{\"@id\":\"https:\/\/www.institutmacula.com\/es\/les-claus-del-segment-posterior-per-al-personal-sanitari-no-oftalmoleg\/#primaryimage\"},\"thumbnailUrl\":\"https:\/\/www.institutmacula.com\/wp-content\/uploads\/2023\/02\/Miriam-Garcia-i-Marc-Biarnes-718x384-1.jpeg\",\"datePublished\":\"2022-03-24T19:07:00+00:00\",\"dateModified\":\"2023-08-01T14:54:37+00:00\",\"breadcrumb\":{\"@id\":\"https:\/\/www.institutmacula.com\/es\/les-claus-del-segment-posterior-per-al-personal-sanitari-no-oftalmoleg\/#breadcrumb\"},\"inLanguage\":\"es\",\"potentialAction\":[{\"@type\":\"ReadAction\",\"target\":[\"https:\/\/www.institutmacula.com\/es\/les-claus-del-segment-posterior-per-al-personal-sanitari-no-oftalmoleg\/\"]}]},{\"@type\":\"ImageObject\",\"inLanguage\":\"es\",\"@id\":\"https:\/\/www.institutmacula.com\/es\/les-claus-del-segment-posterior-per-al-personal-sanitari-no-oftalmoleg\/#primaryimage\",\"url\":\"https:\/\/www.institutmacula.com\/wp-content\/uploads\/2023\/02\/Miriam-Garcia-i-Marc-Biarnes-718x384-1.jpeg\",\"contentUrl\":\"https:\/\/www.institutmacula.com\/wp-content\/uploads\/2023\/02\/Miriam-Garcia-i-Marc-Biarnes-718x384-1.jpeg\",\"width\":718,\"height\":384},{\"@type\":\"BreadcrumbList\",\"@id\":\"https:\/\/www.institutmacula.com\/es\/les-claus-del-segment-posterior-per-al-personal-sanitari-no-oftalmoleg\/#breadcrumb\",\"itemListElement\":[{\"@type\":\"ListItem\",\"position\":1,\"name\":\"Inici\",\"item\":\"https:\/\/www.institutmacula.com\/es\/\"},{\"@type\":\"ListItem\",\"position\":2,\"name\":\"Las claves del segmento posterior para el personal sanitario no oftalm\u00f3logo\"}]},{\"@type\":\"WebSite\",\"@id\":\"https:\/\/www.institutmacula.com\/es\/#website\",\"url\":\"https:\/\/www.institutmacula.com\/es\/\",\"name\":\"Institut de la M\u00e0cula\",\"description\":\"Innovating Eye Care\",\"publisher\":{\"@id\":\"https:\/\/www.institutmacula.com\/es\/#organization\"},\"potentialAction\":[{\"@type\":\"SearchAction\",\"target\":{\"@type\":\"EntryPoint\",\"urlTemplate\":\"https:\/\/www.institutmacula.com\/es\/?s={search_term_string}\"},\"query-input\":{\"@type\":\"PropertyValueSpecification\",\"valueRequired\":true,\"valueName\":\"search_term_string\"}}],\"inLanguage\":\"es\"},{\"@type\":\"Organization\",\"@id\":\"https:\/\/www.institutmacula.com\/es\/#organization\",\"name\":\"Institut de la M\u00e0cula\",\"url\":\"https:\/\/www.institutmacula.com\/es\/\",\"logo\":{\"@type\":\"ImageObject\",\"inLanguage\":\"es\",\"@id\":\"https:\/\/www.institutmacula.com\/es\/#\/schema\/logo\/image\/\",\"url\":\"https:\/\/www.institutmacula.com\/wp-content\/uploads\/2024\/02\/logo-Institut-de-la-Macula-24.png\",\"contentUrl\":\"https:\/\/www.institutmacula.com\/wp-content\/uploads\/2024\/02\/logo-Institut-de-la-Macula-24.png\",\"width\":300,\"height\":120,\"caption\":\"Institut de la M\u00e0cula\"},\"image\":{\"@id\":\"https:\/\/www.institutmacula.com\/es\/#\/schema\/logo\/image\/\"}},{\"@type\":\"Person\",\"@id\":\"https:\/\/www.institutmacula.com\/es\/#\/schema\/person\/a686371d69fa87f058071b9d5a952536\",\"name\":\"mllibre\"}]}<\/script>\n<!-- \/ Yoast SEO plugin. -->","yoast_head_json":{"title":"Las claves del segmento posterior para el personal sanitario no oftalm\u00f3logo - Institut de la M\u00e0cula","robots":{"index":"index","follow":"follow","max-snippet":"max-snippet:-1","max-image-preview":"max-image-preview:large","max-video-preview":"max-video-preview:-1"},"canonical":"https:\/\/www.institutmacula.com\/es\/les-claus-del-segment-posterior-per-al-personal-sanitari-no-oftalmoleg\/","og_locale":"es_ES","og_type":"article","og_title":"Las claves del segmento posterior para el personal sanitario no oftalm\u00f3logo - Institut de la M\u00e0cula","og_description":"MARC BIARN\u00c9S Y M\u00cdRIAM GARCIA, OPTOMETRISTAS DEL INSTITUT DE LA M\u00c0CULA, SON COAUTORES DE UN LIBRO QUE PONE LOS \u00daLTIMOS CONOCIMIENTOS SOBRE LAS PATOLOG\u00cdAS DEL SEGMENTO POSTERIOR AL ALCANCE DE TODOS LOS PROFESIONALES SANITARIOS NO M\u00c9DICOS QUE TRATAN CON TRASTORNOS DE LA RETINA Y DEL NERVIO \u00d3PTICO. El libro \u201cRetina y nervio \u00f3ptico para optometristas [&hellip;]","og_url":"https:\/\/www.institutmacula.com\/es\/les-claus-del-segment-posterior-per-al-personal-sanitari-no-oftalmoleg\/","og_site_name":"Institut de la M\u00e0cula","article_published_time":"2022-03-24T19:07:00+00:00","article_modified_time":"2023-08-01T14:54:37+00:00","og_image":[{"width":718,"height":384,"url":"https:\/\/www.institutmacula.com\/wp-content\/uploads\/2023\/02\/Miriam-Garcia-i-Marc-Biarnes-718x384-1.jpeg","type":"image\/jpeg"}],"author":"mllibre","twitter_card":"summary_large_image","twitter_misc":{"Escrito por":"mllibre","Tiempo de lectura":"2 minutos"},"schema":{"@context":"https:\/\/schema.org","@graph":[{"@type":"Article","@id":"https:\/\/www.institutmacula.com\/es\/les-claus-del-segment-posterior-per-al-personal-sanitari-no-oftalmoleg\/#article","isPartOf":{"@id":"https:\/\/www.institutmacula.com\/es\/les-claus-del-segment-posterior-per-al-personal-sanitari-no-oftalmoleg\/"},"author":{"name":"mllibre","@id":"https:\/\/www.institutmacula.com\/es\/#\/schema\/person\/a686371d69fa87f058071b9d5a952536"},"headline":"Las claves del segmento posterior para el personal sanitario no oftalm\u00f3logo","datePublished":"2022-03-24T19:07:00+00:00","dateModified":"2023-08-01T14:54:37+00:00","mainEntityOfPage":{"@id":"https:\/\/www.institutmacula.com\/es\/les-claus-del-segment-posterior-per-al-personal-sanitari-no-oftalmoleg\/"},"wordCount":411,"publisher":{"@id":"https:\/\/www.institutmacula.com\/es\/#organization"},"image":{"@id":"https:\/\/www.institutmacula.com\/es\/les-claus-del-segment-posterior-per-al-personal-sanitari-no-oftalmoleg\/#primaryimage"},"thumbnailUrl":"https:\/\/www.institutmacula.com\/wp-content\/uploads\/2023\/02\/Miriam-Garcia-i-Marc-Biarnes-718x384-1.jpeg","articleSection":["Noticias"],"inLanguage":"es"},{"@type":"WebPage","@id":"https:\/\/www.institutmacula.com\/es\/les-claus-del-segment-posterior-per-al-personal-sanitari-no-oftalmoleg\/","url":"https:\/\/www.institutmacula.com\/es\/les-claus-del-segment-posterior-per-al-personal-sanitari-no-oftalmoleg\/","name":"Las claves del segmento posterior para el personal sanitario no oftalm\u00f3logo - Institut de la M\u00e0cula","isPartOf":{"@id":"https:\/\/www.institutmacula.com\/es\/#website"},"primaryImageOfPage":{"@id":"https:\/\/www.institutmacula.com\/es\/les-claus-del-segment-posterior-per-al-personal-sanitari-no-oftalmoleg\/#primaryimage"},"image":{"@id":"https:\/\/www.institutmacula.com\/es\/les-claus-del-segment-posterior-per-al-personal-sanitari-no-oftalmoleg\/#primaryimage"},"thumbnailUrl":"https:\/\/www.institutmacula.com\/wp-content\/uploads\/2023\/02\/Miriam-Garcia-i-Marc-Biarnes-718x384-1.jpeg","datePublished":"2022-03-24T19:07:00+00:00","dateModified":"2023-08-01T14:54:37+00:00","breadcrumb":{"@id":"https:\/\/www.institutmacula.com\/es\/les-claus-del-segment-posterior-per-al-personal-sanitari-no-oftalmoleg\/#breadcrumb"},"inLanguage":"es","potentialAction":[{"@type":"ReadAction","target":["https:\/\/www.institutmacula.com\/es\/les-claus-del-segment-posterior-per-al-personal-sanitari-no-oftalmoleg\/"]}]},{"@type":"ImageObject","inLanguage":"es","@id":"https:\/\/www.institutmacula.com\/es\/les-claus-del-segment-posterior-per-al-personal-sanitari-no-oftalmoleg\/#primaryimage","url":"https:\/\/www.institutmacula.com\/wp-content\/uploads\/2023\/02\/Miriam-Garcia-i-Marc-Biarnes-718x384-1.jpeg","contentUrl":"https:\/\/www.institutmacula.com\/wp-content\/uploads\/2023\/02\/Miriam-Garcia-i-Marc-Biarnes-718x384-1.jpeg","width":718,"height":384},{"@type":"BreadcrumbList","@id":"https:\/\/www.institutmacula.com\/es\/les-claus-del-segment-posterior-per-al-personal-sanitari-no-oftalmoleg\/#breadcrumb","itemListElement":[{"@type":"ListItem","position":1,"name":"Inici","item":"https:\/\/www.institutmacula.com\/es\/"},{"@type":"ListItem","position":2,"name":"Las claves del segmento posterior para el personal sanitario no oftalm\u00f3logo"}]},{"@type":"WebSite","@id":"https:\/\/www.institutmacula.com\/es\/#website","url":"https:\/\/www.institutmacula.com\/es\/","name":"Institut de la M\u00e0cula","description":"Innovating Eye Care","publisher":{"@id":"https:\/\/www.institutmacula.com\/es\/#organization"},"potentialAction":[{"@type":"SearchAction","target":{"@type":"EntryPoint","urlTemplate":"https:\/\/www.institutmacula.com\/es\/?s={search_term_string}"},"query-input":{"@type":"PropertyValueSpecification","valueRequired":true,"valueName":"search_term_string"}}],"inLanguage":"es"},{"@type":"Organization","@id":"https:\/\/www.institutmacula.com\/es\/#organization","name":"Institut de la M\u00e0cula","url":"https:\/\/www.institutmacula.com\/es\/","logo":{"@type":"ImageObject","inLanguage":"es","@id":"https:\/\/www.institutmacula.com\/es\/#\/schema\/logo\/image\/","url":"https:\/\/www.institutmacula.com\/wp-content\/uploads\/2024\/02\/logo-Institut-de-la-Macula-24.png","contentUrl":"https:\/\/www.institutmacula.com\/wp-content\/uploads\/2024\/02\/logo-Institut-de-la-Macula-24.png","width":300,"height":120,"caption":"Institut de la M\u00e0cula"},"image":{"@id":"https:\/\/www.institutmacula.com\/es\/#\/schema\/logo\/image\/"}},{"@type":"Person","@id":"https:\/\/www.institutmacula.com\/es\/#\/schema\/person\/a686371d69fa87f058071b9d5a952536","name":"mllibre"}]}},"_links":{"self":[{"href":"https:\/\/www.institutmacula.com\/es\/wp-json\/wp\/v2\/posts\/4157","targetHints":{"allow":["GET"]}}],"collection":[{"href":"https:\/\/www.institutmacula.com\/es\/wp-json\/wp\/v2\/posts"}],"about":[{"href":"https:\/\/www.institutmacula.com\/es\/wp-json\/wp\/v2\/types\/post"}],"author":[{"embeddable":true,"href":"https:\/\/www.institutmacula.com\/es\/wp-json\/wp\/v2\/users\/1"}],"replies":[{"embeddable":true,"href":"https:\/\/www.institutmacula.com\/es\/wp-json\/wp\/v2\/comments?post=4157"}],"version-history":[{"count":1,"href":"https:\/\/www.institutmacula.com\/es\/wp-json\/wp\/v2\/posts\/4157\/revisions"}],"predecessor-version":[{"id":4164,"href":"https:\/\/www.institutmacula.com\/es\/wp-json\/wp\/v2\/posts\/4157\/revisions\/4164"}],"wp:featuredmedia":[{"embeddable":true,"href":"https:\/\/www.institutmacula.com\/es\/wp-json\/wp\/v2\/media\/3600"}],"wp:attachment":[{"href":"https:\/\/www.institutmacula.com\/es\/wp-json\/wp\/v2\/media?parent=4157"}],"wp:term":[{"taxonomy":"category","embeddable":true,"href":"https:\/\/www.institutmacula.com\/es\/wp-json\/wp\/v2\/categories?post=4157"},{"taxonomy":"post_tag","embeddable":true,"href":"https:\/\/www.institutmacula.com\/es\/wp-json\/wp\/v2\/tags?post=4157"}],"curies":[{"name":"wp","href":"https:\/\/api.w.org\/{rel}","templated":true}]}}