{"id":6390,"date":"2024-02-12T12:24:00","date_gmt":"2024-02-12T11:24:00","guid":{"rendered":"https:\/\/www.institutmacula.com\/?p=6390"},"modified":"2024-02-28T22:35:12","modified_gmt":"2024-02-28T21:35:12","slug":"farmacos-contra-la-dmae-atrofica-estado-de-la-cuestion","status":"publish","type":"post","link":"https:\/\/www.institutmacula.com\/es\/farmacos-contra-la-dmae-atrofica-estado-de-la-cuestion\/","title":{"rendered":"F\u00e1rmacos contra la DMAE atr\u00f3fica: estado de la cuesti\u00f3n"},"content":{"rendered":"\n<p>La agencia norteamericana del medicamento, la FDA, tiene aprobados hace meses los primeros f\u00e1rmacos para el tratamiento de la atrofia geogr\u00e1fica, la fase avanzada de la DMAE atr\u00f3fica.\u00a0Al ser una patolog\u00eda que hasta el momento en que se aprobaron estos medicamentos no ten\u00eda ning\u00fan tratamiento,\u00a0<strong>Syfovre e Izervay abren una puerta que durante muchos a\u00f1os hab\u00eda estado cerrada. El Institut de la M\u00e0cula ha formado parte de los centros internacionales que han contribuido al desarrollo de estos f\u00e1rmacos y conoce de cerca las ventajas que pueden suponer en algunos de los pacientes, cuya evoluci\u00f3n debe conocerse y seguirse de manera minuciosa<\/strong>.<\/p>\n\n\n\n<p><br>Aunque por estas fechas esper\u00e1bamos tener ya la luz verde de la Agencia Europea de Medicamentos, la EMA, para utilizarlos en Europa, el Comit\u00e9 de Medicamentos para Uso Humano,\u00a0<strong>el \u00f3rgano de la Agencia que decide la aprobaci\u00f3n de los f\u00e1rmacos, est\u00e1 bloqueando la autorizaci\u00f3n del Syfovre<\/strong>. Esta situaci\u00f3n no es definitiva, ya que\u00a0<strong>la farmac\u00e9utica responsable del medicamento ha pedido su revisi\u00f3n<\/strong>.<\/p>\n\n\n\n<p>Desde el Institut de la M\u00e0cula seguimos de cerca las evoluciones del nuevo f\u00e1rmaco, aplicado ya hace meses de manera extensiva en Estados Unidos, y somos conscientes\u00a0<strong>de que es de importancia extrema conocer con precisi\u00f3n las caracter\u00edsticas particulares de cada paciente<\/strong>. Se convierte en m\u00e1s importante que nunca el an\u00e1lisis de cada caso y la indicaci\u00f3n adecuada, ya que desde las conclusiones mismas de los ensayos cl\u00ednicos sabemos que para algunos pacientes el tratamiento no estar\u00e1 indicado. Del mismo modo,\u00a0<strong>estamos convencidos de que, actuando de forma r\u00e1pida, en los pacientes adecuados se podr\u00eda ralentizar la progresi\u00f3n de la enfermedad<\/strong>.<\/p>\n\n\n\n<p>En el Institut de la M\u00e0cula, donde conocemos muy bien los m\u00faltiples subtipos y los pron\u00f3sticos de la patolog\u00eda,<strong>\u00a0somos muy conscientes de que algunos pacientes necesitan el tratamiento lo antes posible\u00a0<\/strong>y, por la evoluci\u00f3n de la patolog\u00eda, no pueden esperar a la resoluci\u00f3n definitiva de la EMA.<strong>\u00a0Por eso estudiamos alternativas para poner el nuevo f\u00e1rmaco a su disposici\u00f3n<\/strong>.<\/p>\n\n\n\n<p><strong>Parasol, un ensayo cl\u00ednico vanguardista en el Institut de la M\u00e0cula&nbsp;<\/strong><br><br>La&nbsp;<strong>terapia g\u00e9nica<\/strong>, con la que tratamos de revertir determinadas patolog\u00edas sustituyendo los genes da\u00f1ados que provocan estas enfermedades por una versi\u00f3n sana de este gen, es una esperanza fundamentada para superar un abanico muy amplio de trastornos. En el Institut de la M\u00e0cula tomamos parte en el<strong>&nbsp;estudio Parasol<\/strong>, un ensayo cl\u00ednico con terapia g\u00e9nica con inyecci\u00f3n \u00fanica para detener la progresi\u00f3n de la arofia geogr\u00e1fica. El objetivo principal de este estudio es evaluar los cambios en el crecimiento de la lesi\u00f3n del fondo de ojo. Como objetivos secundarios se evaluar\u00e1n tambi\u00e9n los cambios en la funci\u00f3n visual y en la retina, as\u00ed como en la calidad de vida.<br><br>Los resultados obtenidos en pacientes en fases previas han sido muy esperanzadores. En estos momentos estamos en fase de evaluar pacientes que puedan cumplir todos los criterios solicitados por el ensayo cl\u00ednico desde Estados Unidos, para intentar hacer lo m\u00e1ximo para poder dar a nuestros pacientes la posibilidad de entrar en el ensayo y recibir el tratamiento.&nbsp;<br><br><strong>Si est\u00e1n interesados en los ensayos cl\u00ednicos que lleva a cabo el Institut de la M\u00e0cula<\/strong>,&nbsp;<a href=\"https:\/\/www.institutmacula.com\/assaigs\/participar-assaig-clinic\/\" target=\"_blank\" rel=\"noreferrer noopener\">contacte con nosotros<\/a>.<\/p>\n","protected":false},"excerpt":{"rendered":"<p>La agencia norteamericana del medicamento, la FDA, tiene aprobados hace meses los primeros f\u00e1rmacos para el tratamiento de la atrofia geogr\u00e1fica, la fase avanzada de la DMAE atr\u00f3fica.\u00a0Al ser una patolog\u00eda que hasta el momento en que se aprobaron estos medicamentos no ten\u00eda ning\u00fan tratamiento,\u00a0Syfovre e Izervay abren una puerta que durante muchos a\u00f1os hab\u00eda [&hellip;]<\/p>\n","protected":false},"author":3,"featured_media":6387,"comment_status":"closed","ping_status":"closed","sticky":false,"template":"","format":"standard","meta":{"_acf_changed":false,"site-sidebar-layout":"default","site-content-layout":"","ast-site-content-layout":"default","site-content-style":"default","site-sidebar-style":"default","ast-global-header-display":"","ast-banner-title-visibility":"","ast-main-header-display":"","ast-hfb-above-header-display":"","ast-hfb-below-header-display":"","ast-hfb-mobile-header-display":"","site-post-title":"","ast-breadcrumbs-content":"","ast-featured-img":"","footer-sml-layout":"","ast-disable-related-posts":"","theme-transparent-header-meta":"","adv-header-id-meta":"","stick-header-meta":"","header-above-stick-meta":"","header-main-stick-meta":"","header-below-stick-meta":"","astra-migrate-meta-layouts":"default","ast-page-background-enabled":"default","ast-page-background-meta":{"desktop":{"background-color":"var(--ast-global-color-4)","background-image":"","background-repeat":"repeat","background-position":"center center","background-size":"auto","background-attachment":"scroll","background-type":"","background-media":"","overlay-type":"","overlay-color":"","overlay-opacity":"","overlay-gradient":""},"tablet":{"background-color":"","background-image":"","background-repeat":"repeat","background-position":"center center","background-size":"auto","background-attachment":"scroll","background-type":"","background-media":"","overlay-type":"","overlay-color":"","overlay-opacity":"","overlay-gradient":""},"mobile":{"background-color":"","background-image":"","background-repeat":"repeat","background-position":"center center","background-size":"auto","background-attachment":"scroll","background-type":"","background-media":"","overlay-type":"","overlay-color":"","overlay-opacity":"","overlay-gradient":""}},"ast-content-background-meta":{"desktop":{"background-color":"var(--ast-global-color-5)","background-image":"","background-repeat":"repeat","background-position":"center center","background-size":"auto","background-attachment":"scroll","background-type":"","background-media":"","overlay-type":"","overlay-color":"","overlay-opacity":"","overlay-gradient":""},"tablet":{"background-color":"var(--ast-global-color-5)","background-image":"","background-repeat":"repeat","background-position":"center center","background-size":"auto","background-attachment":"scroll","background-type":"","background-media":"","overlay-type":"","overlay-color":"","overlay-opacity":"","overlay-gradient":""},"mobile":{"background-color":"var(--ast-global-color-5)","background-image":"","background-repeat":"repeat","background-position":"center center","background-size":"auto","background-attachment":"scroll","background-type":"","background-media":"","overlay-type":"","overlay-color":"","overlay-opacity":"","overlay-gradient":""}},"footnotes":""},"categories":[23,33],"tags":[],"class_list":["post-6390","post","type-post","status-publish","format-standard","has-post-thumbnail","hentry","category-home","category-noticias"],"acf":[],"yoast_head":"<!-- This site is optimized with the Yoast SEO plugin v26.9 - https:\/\/yoast.com\/product\/yoast-seo-wordpress\/ -->\n<title>F\u00e1rmacos contra la DMAE atr\u00f3fica: estado de la cuesti\u00f3n - Institut de la M\u00e0cula<\/title>\n<meta name=\"robots\" content=\"index, follow, max-snippet:-1, max-image-preview:large, max-video-preview:-1\" \/>\n<link rel=\"canonical\" href=\"https:\/\/www.institutmacula.com\/es\/farmacos-contra-la-dmae-atrofica-estado-de-la-cuestion\/\" \/>\n<meta property=\"og:locale\" content=\"es_ES\" \/>\n<meta property=\"og:type\" content=\"article\" \/>\n<meta property=\"og:title\" content=\"F\u00e1rmacos contra la DMAE atr\u00f3fica: estado de la cuesti\u00f3n - Institut de la M\u00e0cula\" \/>\n<meta property=\"og:description\" content=\"La agencia norteamericana del medicamento, la FDA, tiene aprobados hace meses los primeros f\u00e1rmacos para el tratamiento de la atrofia geogr\u00e1fica, la fase avanzada de la DMAE atr\u00f3fica.\u00a0Al ser una patolog\u00eda que hasta el momento en que se aprobaron estos medicamentos no ten\u00eda ning\u00fan tratamiento,\u00a0Syfovre e Izervay abren una puerta que durante muchos a\u00f1os hab\u00eda [&hellip;]\" \/>\n<meta property=\"og:url\" content=\"https:\/\/www.institutmacula.com\/es\/farmacos-contra-la-dmae-atrofica-estado-de-la-cuestion\/\" \/>\n<meta property=\"og:site_name\" content=\"Institut de la M\u00e0cula\" \/>\n<meta property=\"article:published_time\" content=\"2024-02-12T11:24:00+00:00\" \/>\n<meta property=\"article:modified_time\" content=\"2024-02-28T21:35:12+00:00\" \/>\n<meta property=\"og:image\" content=\"https:\/\/www.institutmacula.com\/wp-content\/uploads\/2024\/02\/tractament-scaled.jpg\" \/>\n\t<meta property=\"og:image:width\" content=\"2560\" \/>\n\t<meta property=\"og:image:height\" content=\"1707\" \/>\n\t<meta property=\"og:image:type\" content=\"image\/jpeg\" \/>\n<meta name=\"author\" content=\"maties\" \/>\n<meta name=\"twitter:card\" content=\"summary_large_image\" \/>\n<meta name=\"twitter:label1\" content=\"Escrito por\" \/>\n\t<meta name=\"twitter:data1\" content=\"maties\" \/>\n\t<meta name=\"twitter:label2\" content=\"Tiempo de lectura\" \/>\n\t<meta name=\"twitter:data2\" content=\"3 minutos\" \/>\n<script type=\"application\/ld+json\" class=\"yoast-schema-graph\">{\"@context\":\"https:\/\/schema.org\",\"@graph\":[{\"@type\":\"Article\",\"@id\":\"https:\/\/www.institutmacula.com\/es\/farmacos-contra-la-dmae-atrofica-estado-de-la-cuestion\/#article\",\"isPartOf\":{\"@id\":\"https:\/\/www.institutmacula.com\/es\/farmacos-contra-la-dmae-atrofica-estado-de-la-cuestion\/\"},\"author\":{\"name\":\"maties\",\"@id\":\"https:\/\/www.institutmacula.com\/es\/#\/schema\/person\/7132d3f447c8d1fc4507e3c9f72dcfaa\"},\"headline\":\"F\u00e1rmacos contra la DMAE atr\u00f3fica: estado de la cuesti\u00f3n\",\"datePublished\":\"2024-02-12T11:24:00+00:00\",\"dateModified\":\"2024-02-28T21:35:12+00:00\",\"mainEntityOfPage\":{\"@id\":\"https:\/\/www.institutmacula.com\/es\/farmacos-contra-la-dmae-atrofica-estado-de-la-cuestion\/\"},\"wordCount\":600,\"publisher\":{\"@id\":\"https:\/\/www.institutmacula.com\/es\/#organization\"},\"image\":{\"@id\":\"https:\/\/www.institutmacula.com\/es\/farmacos-contra-la-dmae-atrofica-estado-de-la-cuestion\/#primaryimage\"},\"thumbnailUrl\":\"https:\/\/www.institutmacula.com\/wp-content\/uploads\/2024\/02\/tractament-scaled.jpg\",\"articleSection\":[\"Home\",\"Noticias\"],\"inLanguage\":\"es\"},{\"@type\":\"WebPage\",\"@id\":\"https:\/\/www.institutmacula.com\/es\/farmacos-contra-la-dmae-atrofica-estado-de-la-cuestion\/\",\"url\":\"https:\/\/www.institutmacula.com\/es\/farmacos-contra-la-dmae-atrofica-estado-de-la-cuestion\/\",\"name\":\"F\u00e1rmacos contra la DMAE atr\u00f3fica: estado de la cuesti\u00f3n - Institut de la M\u00e0cula\",\"isPartOf\":{\"@id\":\"https:\/\/www.institutmacula.com\/es\/#website\"},\"primaryImageOfPage\":{\"@id\":\"https:\/\/www.institutmacula.com\/es\/farmacos-contra-la-dmae-atrofica-estado-de-la-cuestion\/#primaryimage\"},\"image\":{\"@id\":\"https:\/\/www.institutmacula.com\/es\/farmacos-contra-la-dmae-atrofica-estado-de-la-cuestion\/#primaryimage\"},\"thumbnailUrl\":\"https:\/\/www.institutmacula.com\/wp-content\/uploads\/2024\/02\/tractament-scaled.jpg\",\"datePublished\":\"2024-02-12T11:24:00+00:00\",\"dateModified\":\"2024-02-28T21:35:12+00:00\",\"breadcrumb\":{\"@id\":\"https:\/\/www.institutmacula.com\/es\/farmacos-contra-la-dmae-atrofica-estado-de-la-cuestion\/#breadcrumb\"},\"inLanguage\":\"es\",\"potentialAction\":[{\"@type\":\"ReadAction\",\"target\":[\"https:\/\/www.institutmacula.com\/es\/farmacos-contra-la-dmae-atrofica-estado-de-la-cuestion\/\"]}]},{\"@type\":\"ImageObject\",\"inLanguage\":\"es\",\"@id\":\"https:\/\/www.institutmacula.com\/es\/farmacos-contra-la-dmae-atrofica-estado-de-la-cuestion\/#primaryimage\",\"url\":\"https:\/\/www.institutmacula.com\/wp-content\/uploads\/2024\/02\/tractament-scaled.jpg\",\"contentUrl\":\"https:\/\/www.institutmacula.com\/wp-content\/uploads\/2024\/02\/tractament-scaled.jpg\",\"width\":2560,\"height\":1707},{\"@type\":\"BreadcrumbList\",\"@id\":\"https:\/\/www.institutmacula.com\/es\/farmacos-contra-la-dmae-atrofica-estado-de-la-cuestion\/#breadcrumb\",\"itemListElement\":[{\"@type\":\"ListItem\",\"position\":1,\"name\":\"Inici\",\"item\":\"https:\/\/www.institutmacula.com\/es\/\"},{\"@type\":\"ListItem\",\"position\":2,\"name\":\"F\u00e1rmacos contra la DMAE atr\u00f3fica: estado de la cuesti\u00f3n\"}]},{\"@type\":\"WebSite\",\"@id\":\"https:\/\/www.institutmacula.com\/es\/#website\",\"url\":\"https:\/\/www.institutmacula.com\/es\/\",\"name\":\"Institut de la M\u00e0cula\",\"description\":\"Innovating Eye Care\",\"publisher\":{\"@id\":\"https:\/\/www.institutmacula.com\/es\/#organization\"},\"potentialAction\":[{\"@type\":\"SearchAction\",\"target\":{\"@type\":\"EntryPoint\",\"urlTemplate\":\"https:\/\/www.institutmacula.com\/es\/?s={search_term_string}\"},\"query-input\":{\"@type\":\"PropertyValueSpecification\",\"valueRequired\":true,\"valueName\":\"search_term_string\"}}],\"inLanguage\":\"es\"},{\"@type\":\"Organization\",\"@id\":\"https:\/\/www.institutmacula.com\/es\/#organization\",\"name\":\"Institut de la M\u00e0cula\",\"url\":\"https:\/\/www.institutmacula.com\/es\/\",\"logo\":{\"@type\":\"ImageObject\",\"inLanguage\":\"es\",\"@id\":\"https:\/\/www.institutmacula.com\/es\/#\/schema\/logo\/image\/\",\"url\":\"https:\/\/www.institutmacula.com\/wp-content\/uploads\/2024\/02\/logo-Institut-de-la-Macula-24.png\",\"contentUrl\":\"https:\/\/www.institutmacula.com\/wp-content\/uploads\/2024\/02\/logo-Institut-de-la-Macula-24.png\",\"width\":300,\"height\":120,\"caption\":\"Institut de la M\u00e0cula\"},\"image\":{\"@id\":\"https:\/\/www.institutmacula.com\/es\/#\/schema\/logo\/image\/\"}},{\"@type\":\"Person\",\"@id\":\"https:\/\/www.institutmacula.com\/es\/#\/schema\/person\/7132d3f447c8d1fc4507e3c9f72dcfaa\",\"name\":\"maties\"}]}<\/script>\n<!-- \/ Yoast SEO plugin. -->","yoast_head_json":{"title":"F\u00e1rmacos contra la DMAE atr\u00f3fica: estado de la cuesti\u00f3n - Institut de la M\u00e0cula","robots":{"index":"index","follow":"follow","max-snippet":"max-snippet:-1","max-image-preview":"max-image-preview:large","max-video-preview":"max-video-preview:-1"},"canonical":"https:\/\/www.institutmacula.com\/es\/farmacos-contra-la-dmae-atrofica-estado-de-la-cuestion\/","og_locale":"es_ES","og_type":"article","og_title":"F\u00e1rmacos contra la DMAE atr\u00f3fica: estado de la cuesti\u00f3n - Institut de la M\u00e0cula","og_description":"La agencia norteamericana del medicamento, la FDA, tiene aprobados hace meses los primeros f\u00e1rmacos para el tratamiento de la atrofia geogr\u00e1fica, la fase avanzada de la DMAE atr\u00f3fica.\u00a0Al ser una patolog\u00eda que hasta el momento en que se aprobaron estos medicamentos no ten\u00eda ning\u00fan tratamiento,\u00a0Syfovre e Izervay abren una puerta que durante muchos a\u00f1os hab\u00eda [&hellip;]","og_url":"https:\/\/www.institutmacula.com\/es\/farmacos-contra-la-dmae-atrofica-estado-de-la-cuestion\/","og_site_name":"Institut de la M\u00e0cula","article_published_time":"2024-02-12T11:24:00+00:00","article_modified_time":"2024-02-28T21:35:12+00:00","og_image":[{"width":2560,"height":1707,"url":"https:\/\/www.institutmacula.com\/wp-content\/uploads\/2024\/02\/tractament-scaled.jpg","type":"image\/jpeg"}],"author":"maties","twitter_card":"summary_large_image","twitter_misc":{"Escrito por":"maties","Tiempo de lectura":"3 minutos"},"schema":{"@context":"https:\/\/schema.org","@graph":[{"@type":"Article","@id":"https:\/\/www.institutmacula.com\/es\/farmacos-contra-la-dmae-atrofica-estado-de-la-cuestion\/#article","isPartOf":{"@id":"https:\/\/www.institutmacula.com\/es\/farmacos-contra-la-dmae-atrofica-estado-de-la-cuestion\/"},"author":{"name":"maties","@id":"https:\/\/www.institutmacula.com\/es\/#\/schema\/person\/7132d3f447c8d1fc4507e3c9f72dcfaa"},"headline":"F\u00e1rmacos contra la DMAE atr\u00f3fica: estado de la cuesti\u00f3n","datePublished":"2024-02-12T11:24:00+00:00","dateModified":"2024-02-28T21:35:12+00:00","mainEntityOfPage":{"@id":"https:\/\/www.institutmacula.com\/es\/farmacos-contra-la-dmae-atrofica-estado-de-la-cuestion\/"},"wordCount":600,"publisher":{"@id":"https:\/\/www.institutmacula.com\/es\/#organization"},"image":{"@id":"https:\/\/www.institutmacula.com\/es\/farmacos-contra-la-dmae-atrofica-estado-de-la-cuestion\/#primaryimage"},"thumbnailUrl":"https:\/\/www.institutmacula.com\/wp-content\/uploads\/2024\/02\/tractament-scaled.jpg","articleSection":["Home","Noticias"],"inLanguage":"es"},{"@type":"WebPage","@id":"https:\/\/www.institutmacula.com\/es\/farmacos-contra-la-dmae-atrofica-estado-de-la-cuestion\/","url":"https:\/\/www.institutmacula.com\/es\/farmacos-contra-la-dmae-atrofica-estado-de-la-cuestion\/","name":"F\u00e1rmacos contra la DMAE atr\u00f3fica: estado de la cuesti\u00f3n - Institut de la M\u00e0cula","isPartOf":{"@id":"https:\/\/www.institutmacula.com\/es\/#website"},"primaryImageOfPage":{"@id":"https:\/\/www.institutmacula.com\/es\/farmacos-contra-la-dmae-atrofica-estado-de-la-cuestion\/#primaryimage"},"image":{"@id":"https:\/\/www.institutmacula.com\/es\/farmacos-contra-la-dmae-atrofica-estado-de-la-cuestion\/#primaryimage"},"thumbnailUrl":"https:\/\/www.institutmacula.com\/wp-content\/uploads\/2024\/02\/tractament-scaled.jpg","datePublished":"2024-02-12T11:24:00+00:00","dateModified":"2024-02-28T21:35:12+00:00","breadcrumb":{"@id":"https:\/\/www.institutmacula.com\/es\/farmacos-contra-la-dmae-atrofica-estado-de-la-cuestion\/#breadcrumb"},"inLanguage":"es","potentialAction":[{"@type":"ReadAction","target":["https:\/\/www.institutmacula.com\/es\/farmacos-contra-la-dmae-atrofica-estado-de-la-cuestion\/"]}]},{"@type":"ImageObject","inLanguage":"es","@id":"https:\/\/www.institutmacula.com\/es\/farmacos-contra-la-dmae-atrofica-estado-de-la-cuestion\/#primaryimage","url":"https:\/\/www.institutmacula.com\/wp-content\/uploads\/2024\/02\/tractament-scaled.jpg","contentUrl":"https:\/\/www.institutmacula.com\/wp-content\/uploads\/2024\/02\/tractament-scaled.jpg","width":2560,"height":1707},{"@type":"BreadcrumbList","@id":"https:\/\/www.institutmacula.com\/es\/farmacos-contra-la-dmae-atrofica-estado-de-la-cuestion\/#breadcrumb","itemListElement":[{"@type":"ListItem","position":1,"name":"Inici","item":"https:\/\/www.institutmacula.com\/es\/"},{"@type":"ListItem","position":2,"name":"F\u00e1rmacos contra la DMAE atr\u00f3fica: estado de la cuesti\u00f3n"}]},{"@type":"WebSite","@id":"https:\/\/www.institutmacula.com\/es\/#website","url":"https:\/\/www.institutmacula.com\/es\/","name":"Institut de la M\u00e0cula","description":"Innovating Eye Care","publisher":{"@id":"https:\/\/www.institutmacula.com\/es\/#organization"},"potentialAction":[{"@type":"SearchAction","target":{"@type":"EntryPoint","urlTemplate":"https:\/\/www.institutmacula.com\/es\/?s={search_term_string}"},"query-input":{"@type":"PropertyValueSpecification","valueRequired":true,"valueName":"search_term_string"}}],"inLanguage":"es"},{"@type":"Organization","@id":"https:\/\/www.institutmacula.com\/es\/#organization","name":"Institut de la M\u00e0cula","url":"https:\/\/www.institutmacula.com\/es\/","logo":{"@type":"ImageObject","inLanguage":"es","@id":"https:\/\/www.institutmacula.com\/es\/#\/schema\/logo\/image\/","url":"https:\/\/www.institutmacula.com\/wp-content\/uploads\/2024\/02\/logo-Institut-de-la-Macula-24.png","contentUrl":"https:\/\/www.institutmacula.com\/wp-content\/uploads\/2024\/02\/logo-Institut-de-la-Macula-24.png","width":300,"height":120,"caption":"Institut de la M\u00e0cula"},"image":{"@id":"https:\/\/www.institutmacula.com\/es\/#\/schema\/logo\/image\/"}},{"@type":"Person","@id":"https:\/\/www.institutmacula.com\/es\/#\/schema\/person\/7132d3f447c8d1fc4507e3c9f72dcfaa","name":"maties"}]}},"_links":{"self":[{"href":"https:\/\/www.institutmacula.com\/es\/wp-json\/wp\/v2\/posts\/6390","targetHints":{"allow":["GET"]}}],"collection":[{"href":"https:\/\/www.institutmacula.com\/es\/wp-json\/wp\/v2\/posts"}],"about":[{"href":"https:\/\/www.institutmacula.com\/es\/wp-json\/wp\/v2\/types\/post"}],"author":[{"embeddable":true,"href":"https:\/\/www.institutmacula.com\/es\/wp-json\/wp\/v2\/users\/3"}],"replies":[{"embeddable":true,"href":"https:\/\/www.institutmacula.com\/es\/wp-json\/wp\/v2\/comments?post=6390"}],"version-history":[{"count":2,"href":"https:\/\/www.institutmacula.com\/es\/wp-json\/wp\/v2\/posts\/6390\/revisions"}],"predecessor-version":[{"id":6392,"href":"https:\/\/www.institutmacula.com\/es\/wp-json\/wp\/v2\/posts\/6390\/revisions\/6392"}],"wp:featuredmedia":[{"embeddable":true,"href":"https:\/\/www.institutmacula.com\/es\/wp-json\/wp\/v2\/media\/6387"}],"wp:attachment":[{"href":"https:\/\/www.institutmacula.com\/es\/wp-json\/wp\/v2\/media?parent=6390"}],"wp:term":[{"taxonomy":"category","embeddable":true,"href":"https:\/\/www.institutmacula.com\/es\/wp-json\/wp\/v2\/categories?post=6390"},{"taxonomy":"post_tag","embeddable":true,"href":"https:\/\/www.institutmacula.com\/es\/wp-json\/wp\/v2\/tags?post=6390"}],"curies":[{"name":"wp","href":"https:\/\/api.w.org\/{rel}","templated":true}]}}