{"id":6438,"date":"2024-04-17T07:44:57","date_gmt":"2024-04-17T05:44:57","guid":{"rendered":"https:\/\/www.institutmacula.com\/?p=6438"},"modified":"2024-04-17T08:00:01","modified_gmt":"2024-04-17T06:00:01","slug":"dos-posteres-elaborados-en-el-institut-de-la-macula-en-optom-2024","status":"publish","type":"post","link":"https:\/\/www.institutmacula.com\/es\/dos-posteres-elaborados-en-el-institut-de-la-macula-en-optom-2024\/","title":{"rendered":"Dos p\u00f3steres elaborados en el Institut de la M\u00e0cula, en OPTOM 2024"},"content":{"rendered":"\n<p>El equipo de optometristas del Institut de la M\u00e0cula ha presentado en el Congreso 2024 dos p\u00f3steres sobre investigaciones llevadas a cabo en la cl\u00ednica. El 28\u00b0 Congreso de Optometr\u00eda, Contactolog\u00eda y \u00d3ptica Oft\u00e1lmica, considerado uno de los encuentros cient\u00edfico-profesionales m\u00e1s relevantes a nivel europeo, ha reunido en Madrid a cerca de 1.300 participantes, la mayor\u00eda \u00f3pticos-optometristas.<\/p>\n\n\n\n<p>Cristina Romero, Dani Garc\u00eda y M\u00edriam Garcia Planas han llevado al Congreso los p\u00f3steres \u00abDistrofia macular de inicio tard\u00edo\u00bb e \u00abImpacto de la neovascularizaci\u00f3n coroidea tipo I en la progresi\u00f3n de la atrofia geogr\u00e1fica: enfoque de imagen multimodal\u00bb.<\/p>\n\n\n\n<p>La OPTOM 2024 ha abordado, entre otros, aspectos relacionados con la investigaci\u00f3n b\u00e1sica, los \u00faltimos avances en lentes intraoculares y control de miop\u00eda y tambi\u00e9n la actualizaci\u00f3n de los protocolos optom\u00e9tricos.<\/p>\n","protected":false},"excerpt":{"rendered":"<p>El equipo de optometristas del Institut de la M\u00e0cula ha presentado en el Congreso 2024 dos p\u00f3steres sobre investigaciones llevadas a cabo en la cl\u00ednica. El 28\u00b0 Congreso de Optometr\u00eda, Contactolog\u00eda y \u00d3ptica Oft\u00e1lmica, considerado uno de los encuentros cient\u00edfico-profesionales m\u00e1s relevantes a nivel europeo, ha reunido en Madrid a cerca de 1.300 participantes, la [&hellip;]<\/p>\n","protected":false},"author":3,"featured_media":6432,"comment_status":"closed","ping_status":"closed","sticky":false,"template":"","format":"standard","meta":{"_acf_changed":false,"site-sidebar-layout":"default","site-content-layout":"","ast-site-content-layout":"default","site-content-style":"default","site-sidebar-style":"default","ast-global-header-display":"","ast-banner-title-visibility":"","ast-main-header-display":"","ast-hfb-above-header-display":"","ast-hfb-below-header-display":"","ast-hfb-mobile-header-display":"","site-post-title":"","ast-breadcrumbs-content":"","ast-featured-img":"","footer-sml-layout":"","ast-disable-related-posts":"","theme-transparent-header-meta":"","adv-header-id-meta":"","stick-header-meta":"","header-above-stick-meta":"","header-main-stick-meta":"","header-below-stick-meta":"","astra-migrate-meta-layouts":"default","ast-page-background-enabled":"default","ast-page-background-meta":{"desktop":{"background-color":"var(--ast-global-color-4)","background-image":"","background-repeat":"repeat","background-position":"center center","background-size":"auto","background-attachment":"scroll","background-type":"","background-media":"","overlay-type":"","overlay-color":"","overlay-opacity":"","overlay-gradient":""},"tablet":{"background-color":"","background-image":"","background-repeat":"repeat","background-position":"center center","background-size":"auto","background-attachment":"scroll","background-type":"","background-media":"","overlay-type":"","overlay-color":"","overlay-opacity":"","overlay-gradient":""},"mobile":{"background-color":"","background-image":"","background-repeat":"repeat","background-position":"center center","background-size":"auto","background-attachment":"scroll","background-type":"","background-media":"","overlay-type":"","overlay-color":"","overlay-opacity":"","overlay-gradient":""}},"ast-content-background-meta":{"desktop":{"background-color":"var(--ast-global-color-5)","background-image":"","background-repeat":"repeat","background-position":"center center","background-size":"auto","background-attachment":"scroll","background-type":"","background-media":"","overlay-type":"","overlay-color":"","overlay-opacity":"","overlay-gradient":""},"tablet":{"background-color":"var(--ast-global-color-5)","background-image":"","background-repeat":"repeat","background-position":"center center","background-size":"auto","background-attachment":"scroll","background-type":"","background-media":"","overlay-type":"","overlay-color":"","overlay-opacity":"","overlay-gradient":""},"mobile":{"background-color":"var(--ast-global-color-5)","background-image":"","background-repeat":"repeat","background-position":"center center","background-size":"auto","background-attachment":"scroll","background-type":"","background-media":"","overlay-type":"","overlay-color":"","overlay-opacity":"","overlay-gradient":""}},"footnotes":""},"categories":[23,33],"tags":[],"class_list":["post-6438","post","type-post","status-publish","format-standard","has-post-thumbnail","hentry","category-home","category-noticias"],"acf":[],"yoast_head":"<!-- This site is optimized with the Yoast SEO plugin v26.9 - https:\/\/yoast.com\/product\/yoast-seo-wordpress\/ -->\n<title>Dos p\u00f3steres elaborados en el Institut de la M\u00e0cula, en OPTOM 2024 - Institut de la M\u00e0cula<\/title>\n<meta name=\"robots\" content=\"index, follow, max-snippet:-1, max-image-preview:large, max-video-preview:-1\" \/>\n<link rel=\"canonical\" href=\"https:\/\/www.institutmacula.com\/es\/dos-posteres-elaborados-en-el-institut-de-la-macula-en-optom-2024\/\" \/>\n<meta property=\"og:locale\" content=\"es_ES\" \/>\n<meta property=\"og:type\" content=\"article\" \/>\n<meta property=\"og:title\" content=\"Dos p\u00f3steres elaborados en el Institut de la M\u00e0cula, en OPTOM 2024 - Institut de la M\u00e0cula\" \/>\n<meta property=\"og:description\" content=\"El equipo de optometristas del Institut de la M\u00e0cula ha presentado en el Congreso 2024 dos p\u00f3steres sobre investigaciones llevadas a cabo en la cl\u00ednica. El 28\u00b0 Congreso de Optometr\u00eda, Contactolog\u00eda y \u00d3ptica Oft\u00e1lmica, considerado uno de los encuentros cient\u00edfico-profesionales m\u00e1s relevantes a nivel europeo, ha reunido en Madrid a cerca de 1.300 participantes, la [&hellip;]\" \/>\n<meta property=\"og:url\" content=\"https:\/\/www.institutmacula.com\/es\/dos-posteres-elaborados-en-el-institut-de-la-macula-en-optom-2024\/\" \/>\n<meta property=\"og:site_name\" content=\"Institut de la M\u00e0cula\" \/>\n<meta property=\"article:published_time\" content=\"2024-04-17T05:44:57+00:00\" \/>\n<meta property=\"article:modified_time\" content=\"2024-04-17T06:00:01+00:00\" \/>\n<meta property=\"og:image\" content=\"https:\/\/www.institutmacula.com\/wp-content\/uploads\/2024\/04\/optom-1-e1713332855146.jpeg\" \/>\n\t<meta property=\"og:image:width\" content=\"1536\" \/>\n\t<meta property=\"og:image:height\" content=\"2048\" \/>\n\t<meta property=\"og:image:type\" content=\"image\/jpeg\" \/>\n<meta name=\"author\" content=\"maties\" \/>\n<meta name=\"twitter:card\" content=\"summary_large_image\" \/>\n<meta name=\"twitter:label1\" content=\"Escrito por\" \/>\n\t<meta name=\"twitter:data1\" content=\"maties\" \/>\n\t<meta name=\"twitter:label2\" content=\"Tiempo de lectura\" \/>\n\t<meta name=\"twitter:data2\" content=\"1 minuto\" \/>\n<script type=\"application\/ld+json\" class=\"yoast-schema-graph\">{\"@context\":\"https:\/\/schema.org\",\"@graph\":[{\"@type\":\"Article\",\"@id\":\"https:\/\/www.institutmacula.com\/es\/dos-posteres-elaborados-en-el-institut-de-la-macula-en-optom-2024\/#article\",\"isPartOf\":{\"@id\":\"https:\/\/www.institutmacula.com\/es\/dos-posteres-elaborados-en-el-institut-de-la-macula-en-optom-2024\/\"},\"author\":{\"name\":\"maties\",\"@id\":\"https:\/\/www.institutmacula.com\/es\/#\/schema\/person\/7132d3f447c8d1fc4507e3c9f72dcfaa\"},\"headline\":\"Dos p\u00f3steres elaborados en el Institut de la M\u00e0cula, en OPTOM 2024\",\"datePublished\":\"2024-04-17T05:44:57+00:00\",\"dateModified\":\"2024-04-17T06:00:01+00:00\",\"mainEntityOfPage\":{\"@id\":\"https:\/\/www.institutmacula.com\/es\/dos-posteres-elaborados-en-el-institut-de-la-macula-en-optom-2024\/\"},\"wordCount\":157,\"publisher\":{\"@id\":\"https:\/\/www.institutmacula.com\/es\/#organization\"},\"image\":{\"@id\":\"https:\/\/www.institutmacula.com\/es\/dos-posteres-elaborados-en-el-institut-de-la-macula-en-optom-2024\/#primaryimage\"},\"thumbnailUrl\":\"https:\/\/www.institutmacula.com\/wp-content\/uploads\/2024\/04\/optom-1-e1713332855146.jpeg\",\"articleSection\":[\"Home\",\"Noticias\"],\"inLanguage\":\"es\"},{\"@type\":\"WebPage\",\"@id\":\"https:\/\/www.institutmacula.com\/es\/dos-posteres-elaborados-en-el-institut-de-la-macula-en-optom-2024\/\",\"url\":\"https:\/\/www.institutmacula.com\/es\/dos-posteres-elaborados-en-el-institut-de-la-macula-en-optom-2024\/\",\"name\":\"Dos p\u00f3steres elaborados en el Institut de la M\u00e0cula, en OPTOM 2024 - Institut de la M\u00e0cula\",\"isPartOf\":{\"@id\":\"https:\/\/www.institutmacula.com\/es\/#website\"},\"primaryImageOfPage\":{\"@id\":\"https:\/\/www.institutmacula.com\/es\/dos-posteres-elaborados-en-el-institut-de-la-macula-en-optom-2024\/#primaryimage\"},\"image\":{\"@id\":\"https:\/\/www.institutmacula.com\/es\/dos-posteres-elaborados-en-el-institut-de-la-macula-en-optom-2024\/#primaryimage\"},\"thumbnailUrl\":\"https:\/\/www.institutmacula.com\/wp-content\/uploads\/2024\/04\/optom-1-e1713332855146.jpeg\",\"datePublished\":\"2024-04-17T05:44:57+00:00\",\"dateModified\":\"2024-04-17T06:00:01+00:00\",\"breadcrumb\":{\"@id\":\"https:\/\/www.institutmacula.com\/es\/dos-posteres-elaborados-en-el-institut-de-la-macula-en-optom-2024\/#breadcrumb\"},\"inLanguage\":\"es\",\"potentialAction\":[{\"@type\":\"ReadAction\",\"target\":[\"https:\/\/www.institutmacula.com\/es\/dos-posteres-elaborados-en-el-institut-de-la-macula-en-optom-2024\/\"]}]},{\"@type\":\"ImageObject\",\"inLanguage\":\"es\",\"@id\":\"https:\/\/www.institutmacula.com\/es\/dos-posteres-elaborados-en-el-institut-de-la-macula-en-optom-2024\/#primaryimage\",\"url\":\"https:\/\/www.institutmacula.com\/wp-content\/uploads\/2024\/04\/optom-1-e1713332855146.jpeg\",\"contentUrl\":\"https:\/\/www.institutmacula.com\/wp-content\/uploads\/2024\/04\/optom-1-e1713332855146.jpeg\",\"width\":1536,\"height\":2048},{\"@type\":\"BreadcrumbList\",\"@id\":\"https:\/\/www.institutmacula.com\/es\/dos-posteres-elaborados-en-el-institut-de-la-macula-en-optom-2024\/#breadcrumb\",\"itemListElement\":[{\"@type\":\"ListItem\",\"position\":1,\"name\":\"Inici\",\"item\":\"https:\/\/www.institutmacula.com\/es\/\"},{\"@type\":\"ListItem\",\"position\":2,\"name\":\"Dos p\u00f3steres elaborados en el Institut de la M\u00e0cula, en OPTOM 2024\"}]},{\"@type\":\"WebSite\",\"@id\":\"https:\/\/www.institutmacula.com\/es\/#website\",\"url\":\"https:\/\/www.institutmacula.com\/es\/\",\"name\":\"Institut de la M\u00e0cula\",\"description\":\"Innovating Eye Care\",\"publisher\":{\"@id\":\"https:\/\/www.institutmacula.com\/es\/#organization\"},\"potentialAction\":[{\"@type\":\"SearchAction\",\"target\":{\"@type\":\"EntryPoint\",\"urlTemplate\":\"https:\/\/www.institutmacula.com\/es\/?s={search_term_string}\"},\"query-input\":{\"@type\":\"PropertyValueSpecification\",\"valueRequired\":true,\"valueName\":\"search_term_string\"}}],\"inLanguage\":\"es\"},{\"@type\":\"Organization\",\"@id\":\"https:\/\/www.institutmacula.com\/es\/#organization\",\"name\":\"Institut de la M\u00e0cula\",\"url\":\"https:\/\/www.institutmacula.com\/es\/\",\"logo\":{\"@type\":\"ImageObject\",\"inLanguage\":\"es\",\"@id\":\"https:\/\/www.institutmacula.com\/es\/#\/schema\/logo\/image\/\",\"url\":\"https:\/\/www.institutmacula.com\/wp-content\/uploads\/2024\/02\/logo-Institut-de-la-Macula-24.png\",\"contentUrl\":\"https:\/\/www.institutmacula.com\/wp-content\/uploads\/2024\/02\/logo-Institut-de-la-Macula-24.png\",\"width\":300,\"height\":120,\"caption\":\"Institut de la M\u00e0cula\"},\"image\":{\"@id\":\"https:\/\/www.institutmacula.com\/es\/#\/schema\/logo\/image\/\"}},{\"@type\":\"Person\",\"@id\":\"https:\/\/www.institutmacula.com\/es\/#\/schema\/person\/7132d3f447c8d1fc4507e3c9f72dcfaa\",\"name\":\"maties\"}]}<\/script>\n<!-- \/ Yoast SEO plugin. -->","yoast_head_json":{"title":"Dos p\u00f3steres elaborados en el Institut de la M\u00e0cula, en OPTOM 2024 - Institut de la M\u00e0cula","robots":{"index":"index","follow":"follow","max-snippet":"max-snippet:-1","max-image-preview":"max-image-preview:large","max-video-preview":"max-video-preview:-1"},"canonical":"https:\/\/www.institutmacula.com\/es\/dos-posteres-elaborados-en-el-institut-de-la-macula-en-optom-2024\/","og_locale":"es_ES","og_type":"article","og_title":"Dos p\u00f3steres elaborados en el Institut de la M\u00e0cula, en OPTOM 2024 - Institut de la M\u00e0cula","og_description":"El equipo de optometristas del Institut de la M\u00e0cula ha presentado en el Congreso 2024 dos p\u00f3steres sobre investigaciones llevadas a cabo en la cl\u00ednica. El 28\u00b0 Congreso de Optometr\u00eda, Contactolog\u00eda y \u00d3ptica Oft\u00e1lmica, considerado uno de los encuentros cient\u00edfico-profesionales m\u00e1s relevantes a nivel europeo, ha reunido en Madrid a cerca de 1.300 participantes, la [&hellip;]","og_url":"https:\/\/www.institutmacula.com\/es\/dos-posteres-elaborados-en-el-institut-de-la-macula-en-optom-2024\/","og_site_name":"Institut de la M\u00e0cula","article_published_time":"2024-04-17T05:44:57+00:00","article_modified_time":"2024-04-17T06:00:01+00:00","og_image":[{"width":1536,"height":2048,"url":"https:\/\/www.institutmacula.com\/wp-content\/uploads\/2024\/04\/optom-1-e1713332855146.jpeg","type":"image\/jpeg"}],"author":"maties","twitter_card":"summary_large_image","twitter_misc":{"Escrito por":"maties","Tiempo de lectura":"1 minuto"},"schema":{"@context":"https:\/\/schema.org","@graph":[{"@type":"Article","@id":"https:\/\/www.institutmacula.com\/es\/dos-posteres-elaborados-en-el-institut-de-la-macula-en-optom-2024\/#article","isPartOf":{"@id":"https:\/\/www.institutmacula.com\/es\/dos-posteres-elaborados-en-el-institut-de-la-macula-en-optom-2024\/"},"author":{"name":"maties","@id":"https:\/\/www.institutmacula.com\/es\/#\/schema\/person\/7132d3f447c8d1fc4507e3c9f72dcfaa"},"headline":"Dos p\u00f3steres elaborados en el Institut de la M\u00e0cula, en OPTOM 2024","datePublished":"2024-04-17T05:44:57+00:00","dateModified":"2024-04-17T06:00:01+00:00","mainEntityOfPage":{"@id":"https:\/\/www.institutmacula.com\/es\/dos-posteres-elaborados-en-el-institut-de-la-macula-en-optom-2024\/"},"wordCount":157,"publisher":{"@id":"https:\/\/www.institutmacula.com\/es\/#organization"},"image":{"@id":"https:\/\/www.institutmacula.com\/es\/dos-posteres-elaborados-en-el-institut-de-la-macula-en-optom-2024\/#primaryimage"},"thumbnailUrl":"https:\/\/www.institutmacula.com\/wp-content\/uploads\/2024\/04\/optom-1-e1713332855146.jpeg","articleSection":["Home","Noticias"],"inLanguage":"es"},{"@type":"WebPage","@id":"https:\/\/www.institutmacula.com\/es\/dos-posteres-elaborados-en-el-institut-de-la-macula-en-optom-2024\/","url":"https:\/\/www.institutmacula.com\/es\/dos-posteres-elaborados-en-el-institut-de-la-macula-en-optom-2024\/","name":"Dos p\u00f3steres elaborados en el Institut de la M\u00e0cula, en OPTOM 2024 - Institut de la M\u00e0cula","isPartOf":{"@id":"https:\/\/www.institutmacula.com\/es\/#website"},"primaryImageOfPage":{"@id":"https:\/\/www.institutmacula.com\/es\/dos-posteres-elaborados-en-el-institut-de-la-macula-en-optom-2024\/#primaryimage"},"image":{"@id":"https:\/\/www.institutmacula.com\/es\/dos-posteres-elaborados-en-el-institut-de-la-macula-en-optom-2024\/#primaryimage"},"thumbnailUrl":"https:\/\/www.institutmacula.com\/wp-content\/uploads\/2024\/04\/optom-1-e1713332855146.jpeg","datePublished":"2024-04-17T05:44:57+00:00","dateModified":"2024-04-17T06:00:01+00:00","breadcrumb":{"@id":"https:\/\/www.institutmacula.com\/es\/dos-posteres-elaborados-en-el-institut-de-la-macula-en-optom-2024\/#breadcrumb"},"inLanguage":"es","potentialAction":[{"@type":"ReadAction","target":["https:\/\/www.institutmacula.com\/es\/dos-posteres-elaborados-en-el-institut-de-la-macula-en-optom-2024\/"]}]},{"@type":"ImageObject","inLanguage":"es","@id":"https:\/\/www.institutmacula.com\/es\/dos-posteres-elaborados-en-el-institut-de-la-macula-en-optom-2024\/#primaryimage","url":"https:\/\/www.institutmacula.com\/wp-content\/uploads\/2024\/04\/optom-1-e1713332855146.jpeg","contentUrl":"https:\/\/www.institutmacula.com\/wp-content\/uploads\/2024\/04\/optom-1-e1713332855146.jpeg","width":1536,"height":2048},{"@type":"BreadcrumbList","@id":"https:\/\/www.institutmacula.com\/es\/dos-posteres-elaborados-en-el-institut-de-la-macula-en-optom-2024\/#breadcrumb","itemListElement":[{"@type":"ListItem","position":1,"name":"Inici","item":"https:\/\/www.institutmacula.com\/es\/"},{"@type":"ListItem","position":2,"name":"Dos p\u00f3steres elaborados en el Institut de la M\u00e0cula, en OPTOM 2024"}]},{"@type":"WebSite","@id":"https:\/\/www.institutmacula.com\/es\/#website","url":"https:\/\/www.institutmacula.com\/es\/","name":"Institut de la M\u00e0cula","description":"Innovating Eye Care","publisher":{"@id":"https:\/\/www.institutmacula.com\/es\/#organization"},"potentialAction":[{"@type":"SearchAction","target":{"@type":"EntryPoint","urlTemplate":"https:\/\/www.institutmacula.com\/es\/?s={search_term_string}"},"query-input":{"@type":"PropertyValueSpecification","valueRequired":true,"valueName":"search_term_string"}}],"inLanguage":"es"},{"@type":"Organization","@id":"https:\/\/www.institutmacula.com\/es\/#organization","name":"Institut de la M\u00e0cula","url":"https:\/\/www.institutmacula.com\/es\/","logo":{"@type":"ImageObject","inLanguage":"es","@id":"https:\/\/www.institutmacula.com\/es\/#\/schema\/logo\/image\/","url":"https:\/\/www.institutmacula.com\/wp-content\/uploads\/2024\/02\/logo-Institut-de-la-Macula-24.png","contentUrl":"https:\/\/www.institutmacula.com\/wp-content\/uploads\/2024\/02\/logo-Institut-de-la-Macula-24.png","width":300,"height":120,"caption":"Institut de la M\u00e0cula"},"image":{"@id":"https:\/\/www.institutmacula.com\/es\/#\/schema\/logo\/image\/"}},{"@type":"Person","@id":"https:\/\/www.institutmacula.com\/es\/#\/schema\/person\/7132d3f447c8d1fc4507e3c9f72dcfaa","name":"maties"}]}},"_links":{"self":[{"href":"https:\/\/www.institutmacula.com\/es\/wp-json\/wp\/v2\/posts\/6438","targetHints":{"allow":["GET"]}}],"collection":[{"href":"https:\/\/www.institutmacula.com\/es\/wp-json\/wp\/v2\/posts"}],"about":[{"href":"https:\/\/www.institutmacula.com\/es\/wp-json\/wp\/v2\/types\/post"}],"author":[{"embeddable":true,"href":"https:\/\/www.institutmacula.com\/es\/wp-json\/wp\/v2\/users\/3"}],"replies":[{"embeddable":true,"href":"https:\/\/www.institutmacula.com\/es\/wp-json\/wp\/v2\/comments?post=6438"}],"version-history":[{"count":5,"href":"https:\/\/www.institutmacula.com\/es\/wp-json\/wp\/v2\/posts\/6438\/revisions"}],"predecessor-version":[{"id":6449,"href":"https:\/\/www.institutmacula.com\/es\/wp-json\/wp\/v2\/posts\/6438\/revisions\/6449"}],"wp:featuredmedia":[{"embeddable":true,"href":"https:\/\/www.institutmacula.com\/es\/wp-json\/wp\/v2\/media\/6432"}],"wp:attachment":[{"href":"https:\/\/www.institutmacula.com\/es\/wp-json\/wp\/v2\/media?parent=6438"}],"wp:term":[{"taxonomy":"category","embeddable":true,"href":"https:\/\/www.institutmacula.com\/es\/wp-json\/wp\/v2\/categories?post=6438"},{"taxonomy":"post_tag","embeddable":true,"href":"https:\/\/www.institutmacula.com\/es\/wp-json\/wp\/v2\/tags?post=6438"}],"curies":[{"name":"wp","href":"https:\/\/api.w.org\/{rel}","templated":true}]}}