{"id":7875,"date":"2025-09-02T10:54:38","date_gmt":"2025-09-02T08:54:38","guid":{"rendered":"https:\/\/www.institutmacula.com\/?p=7875"},"modified":"2025-09-08T11:52:51","modified_gmt":"2025-09-08T09:52:51","slug":"aportaciones-dr-mones-dr-santamaria-euretina-2025","status":"publish","type":"post","link":"https:\/\/www.institutmacula.com\/es\/aportaciones-dr-mones-dr-santamaria-euretina-2025\/","title":{"rendered":"Las aportaciones del Dr. Mon\u00e9s y el Dr. Santamar\u00eda en EURETINA 2025"},"content":{"rendered":"\n<p>El Congreso EURETINA 2025 se celebra esta semana en Par\u00eds. Es una cita anual en la que los especialistas en retina comparten los avances m\u00e1s relevantes de las investigaciones punteras a escala mundial.<\/p>\n\n\n\n<p>En este contexto, tanto el Dr. Mon\u00e9s como el Dr. Santamar\u00eda har\u00e1n presentaciones de resultados de tres de los proyectos de investigaci\u00f3n en los que participan.<\/p>\n\n\n\n<h3 class=\"wp-block-heading\"><strong>Investigaciones sobre DMAE: lente intraocular Eyemax Mono y Estudio SIGLEC<\/strong><\/h3>\n\n\n\n<p>El Dr. Juan Francisco Santamar\u00eda presentar\u00e1 un estudio europeo multic\u00e9ntrico sobre 200 ojos con la lente intraocular Eyemax Mono con pacientes con DMAE. Se trata de un an\u00e1lisis que incluye casos de degeneraci\u00f3n macular asociada a la edad en diferentes estados de la enfermedad.<\/p>\n\n\n\n<figure class=\"wp-block-image size-large\"><img fetchpriority=\"high\" decoding=\"async\" width=\"1024\" height=\"461\" src=\"https:\/\/www.institutmacula.com\/wp-content\/uploads\/2025\/09\/euretina-2-1024x461.jpeg\" alt=\"\" class=\"wp-image-7951\" srcset=\"https:\/\/www.institutmacula.com\/wp-content\/uploads\/2025\/09\/euretina-2-1024x461.jpeg 1024w, https:\/\/www.institutmacula.com\/wp-content\/uploads\/2025\/09\/euretina-2-300x135.jpeg 300w, https:\/\/www.institutmacula.com\/wp-content\/uploads\/2025\/09\/euretina-2-768x346.jpeg 768w, https:\/\/www.institutmacula.com\/wp-content\/uploads\/2025\/09\/euretina-2-1536x691.jpeg 1536w, https:\/\/www.institutmacula.com\/wp-content\/uploads\/2025\/09\/euretina-2.jpeg 1600w\" sizes=\"(max-width: 1024px) 100vw, 1024px\" \/><figcaption class=\"wp-element-caption\">El Dr. Juan Francisco Santamar\u00eda, durante su presentaci\u00f3n.<\/figcaption><\/figure>\n\n\n\n<p>Los resultados han sido positivos en todos los grupos, con mejoras funcionales claras, especialmente en el grupo de DMAE avanzada, donde la ganancia en agudeza visual duplica la media obtenida cuando se aplican lentes est\u00e1ndar.<\/p>\n\n\n\n<p>En el \u00e1mbito de <strong>la atrofia geogr\u00e1fica<\/strong>, una forma avanzada de degeneraci\u00f3n macular asociada a la edad, el Dr. Jordi Mon\u00e9s presentar\u00e1 los resultados de fase 2\u00aa, el Estudio SIGLEC, de un nuevo tratamiento experimental: el AVD104. Se trata de una nanopart\u00edcula dise\u00f1ada para modular determinadas v\u00edas del sistema inmunitario innato y de los macr\u00f3fagos, implicadas en la progresi\u00f3n de la enfermedad. Con una sola inyecci\u00f3n, el f\u00e1rmaco, en la dosis m\u00e1s alta de las 4 que se probaron, ha demostrado una reducci\u00f3n significativa de la zona de hiperautofluorescencia alrededor de la atrofia. La hiperautofluorescencia es un indicador de sufrimiento de las c\u00e9lulas del epitelio pigmentario de la retina y muestra las zonas que acabar\u00e1n en atrofia en un futuro pr\u00f3ximo. La AVD104 ha mostrado un buen perfil de seguridad y tolerabilidad. En estos momentos se lleva a cabo un ensayo cl\u00ednico en fase 2b\/3s comparando el tratamiento con AVD-104 con una de las terapias aprobadas para la atrofia geogr\u00e1fica, la avacincaptad pegol. Los resultados se esperan para finales de este a\u00f1o.<\/p>\n\n\n\n<figure class=\"wp-block-image size-large\"><img decoding=\"async\" width=\"1024\" height=\"768\" src=\"https:\/\/www.institutmacula.com\/wp-content\/uploads\/2025\/09\/euretina-1-1024x768.jpeg\" alt=\"\" class=\"wp-image-7954\" srcset=\"https:\/\/www.institutmacula.com\/wp-content\/uploads\/2025\/09\/euretina-1-1024x768.jpeg 1024w, https:\/\/www.institutmacula.com\/wp-content\/uploads\/2025\/09\/euretina-1-300x225.jpeg 300w, https:\/\/www.institutmacula.com\/wp-content\/uploads\/2025\/09\/euretina-1-768x576.jpeg 768w, https:\/\/www.institutmacula.com\/wp-content\/uploads\/2025\/09\/euretina-1-1536x1152.jpeg 1536w, https:\/\/www.institutmacula.com\/wp-content\/uploads\/2025\/09\/euretina-1.jpeg 1600w\" sizes=\"(max-width: 1024px) 100vw, 1024px\" \/><figcaption class=\"wp-element-caption\">El Dr. Jordi Mon\u00e9s, durante su presentaci\u00f3n.<\/figcaption><\/figure>\n\n\n\n<h3 class=\"wp-block-heading\"><strong>Luz sobre retinosis pigmentaria: Dr. Mon\u00e9s<\/strong><\/h3>\n\n\n\n<p>En cuanto a la <strong>retinosis pigmentaria<\/strong>, una enfermedad hereditaria que puede conducir a ceguera, el Dr. Mon\u00e9s presentar\u00e1 los resultados a 152 semanas de una terapia optogen\u00e9tica, un subtipo de terapia g\u00e9nica, en fase experimental, el MCO010.<\/p>\n\n\n\n<p>La terapia optogen\u00e9tica es un tipo de terapia g\u00e9nica mediante la cual se inducen cambios gen\u00e9ticos en ciertas c\u00e9lulas de la retina. Mediante una inyecci\u00f3n intraocular, se utiliza un virus como portador del material gen\u00e9tico terap\u00e9utico en cuesti\u00f3n, una especie de caballo de Troya, para introducir (transfectar) en las c\u00e9lulas bipolares unas prote\u00ednas especiales derivadas de algas, llamadas opsinas. En respuesta a est\u00edmulos lum\u00ednicos, generan impulsos el\u00e9ctricos. Con esta transfecci\u00f3n, las opsinas se integran en la pared de las c\u00e9lulas bipolares, que, a partir de ese momento, adem\u00e1s de ser \u00abcable el\u00e9ctrico\u00bb, tambi\u00e9n adquieren capacidad de receptor, de generar impulso el\u00e9ctrico ante la luz. As\u00ed, zonas ciegas de la retina pueden recuperar cierta capacidad de visi\u00f3n, lo que en pacientes pr\u00e1cticamente ciegos puede tener una gran trascendencia.<\/p>\n\n\n\n<p>Es un tratamiento muy innovador que por primera vez pretende mejorar la agudeza visual y no solo frenar su deterioro. Los resultados muestran que alrededor de la mitad de los pacientes experimentan una mejora significativa de la funci\u00f3n visual, y que estas ganancias se pueden mantener a largo plazo. El tratamiento ha sido bien tolerado, con un perfil de seguridad favorable durante todo el periodo de seguimiento.<\/p>\n\n\n\n<p><\/p>\n","protected":false},"excerpt":{"rendered":"<p>El Congreso EURETINA 2025 se celebra esta semana en Par\u00eds. Es una cita anual en la que los especialistas en retina comparten los avances m\u00e1s relevantes de las investigaciones punteras a escala mundial. En este contexto, tanto el Dr. Mon\u00e9s como el Dr. Santamar\u00eda har\u00e1n presentaciones de resultados de tres de los proyectos de investigaci\u00f3n [&hellip;]<\/p>\n","protected":false},"author":3,"featured_media":7947,"comment_status":"closed","ping_status":"closed","sticky":false,"template":"","format":"standard","meta":{"_acf_changed":false,"site-sidebar-layout":"default","site-content-layout":"","ast-site-content-layout":"default","site-content-style":"default","site-sidebar-style":"default","ast-global-header-display":"","ast-banner-title-visibility":"","ast-main-header-display":"","ast-hfb-above-header-display":"","ast-hfb-below-header-display":"","ast-hfb-mobile-header-display":"","site-post-title":"","ast-breadcrumbs-content":"","ast-featured-img":"","footer-sml-layout":"","ast-disable-related-posts":"","theme-transparent-header-meta":"","adv-header-id-meta":"","stick-header-meta":"","header-above-stick-meta":"","header-main-stick-meta":"","header-below-stick-meta":"","astra-migrate-meta-layouts":"set","ast-page-background-enabled":"default","ast-page-background-meta":{"desktop":{"background-color":"var(--ast-global-color-4)","background-image":"","background-repeat":"repeat","background-position":"center center","background-size":"auto","background-attachment":"scroll","background-type":"","background-media":"","overlay-type":"","overlay-color":"","overlay-opacity":"","overlay-gradient":""},"tablet":{"background-color":"","background-image":"","background-repeat":"repeat","background-position":"center center","background-size":"auto","background-attachment":"scroll","background-type":"","background-media":"","overlay-type":"","overlay-color":"","overlay-opacity":"","overlay-gradient":""},"mobile":{"background-color":"","background-image":"","background-repeat":"repeat","background-position":"center center","background-size":"auto","background-attachment":"scroll","background-type":"","background-media":"","overlay-type":"","overlay-color":"","overlay-opacity":"","overlay-gradient":""}},"ast-content-background-meta":{"desktop":{"background-color":"var(--ast-global-color-5)","background-image":"","background-repeat":"repeat","background-position":"center center","background-size":"auto","background-attachment":"scroll","background-type":"","background-media":"","overlay-type":"","overlay-color":"","overlay-opacity":"","overlay-gradient":""},"tablet":{"background-color":"var(--ast-global-color-5)","background-image":"","background-repeat":"repeat","background-position":"center center","background-size":"auto","background-attachment":"scroll","background-type":"","background-media":"","overlay-type":"","overlay-color":"","overlay-opacity":"","overlay-gradient":""},"mobile":{"background-color":"var(--ast-global-color-5)","background-image":"","background-repeat":"repeat","background-position":"center center","background-size":"auto","background-attachment":"scroll","background-type":"","background-media":"","overlay-type":"","overlay-color":"","overlay-opacity":"","overlay-gradient":""}},"footnotes":""},"categories":[32,23],"tags":[],"class_list":["post-7875","post","type-post","status-publish","format-standard","has-post-thumbnail","hentry","category-destacada-es","category-home"],"acf":[],"yoast_head":"<!-- This site is optimized with the Yoast SEO plugin v26.9 - https:\/\/yoast.com\/product\/yoast-seo-wordpress\/ -->\n<title>Las aportaciones del Dr. Mon\u00e9s y el Dr. Santamar\u00eda en EURETINA 2025 - Institut de la M\u00e0cula<\/title>\n<meta name=\"description\" content=\"El Dr. Mon\u00e9s y el Dr. Santamar\u00eda presentar\u00e1n, en EURETINA 2025, resultados de tres de los proyectos de investigaci\u00f3n en los que participan\" \/>\n<meta name=\"robots\" content=\"index, follow, max-snippet:-1, max-image-preview:large, max-video-preview:-1\" \/>\n<link rel=\"canonical\" href=\"https:\/\/www.institutmacula.com\/es\/aportaciones-dr-mones-dr-santamaria-euretina-2025\/\" \/>\n<meta property=\"og:locale\" content=\"es_ES\" \/>\n<meta property=\"og:type\" content=\"article\" \/>\n<meta property=\"og:title\" content=\"Las aportaciones del Dr. Mon\u00e9s y el Dr. Santamar\u00eda en EURETINA 2025 - Institut de la M\u00e0cula\" \/>\n<meta property=\"og:description\" content=\"El Dr. Mon\u00e9s y el Dr. Santamar\u00eda presentar\u00e1n, en EURETINA 2025, resultados de tres de los proyectos de investigaci\u00f3n en los que participan\" \/>\n<meta property=\"og:url\" content=\"https:\/\/www.institutmacula.com\/es\/aportaciones-dr-mones-dr-santamaria-euretina-2025\/\" \/>\n<meta property=\"og:site_name\" content=\"Institut de la M\u00e0cula\" \/>\n<meta property=\"article:published_time\" content=\"2025-09-02T08:54:38+00:00\" \/>\n<meta property=\"article:modified_time\" content=\"2025-09-08T09:52:51+00:00\" \/>\n<meta property=\"og:image\" content=\"https:\/\/www.institutmacula.com\/wp-content\/uploads\/2025\/09\/euretina-3.jpeg\" \/>\n\t<meta property=\"og:image:width\" content=\"1600\" \/>\n\t<meta property=\"og:image:height\" content=\"1200\" \/>\n\t<meta property=\"og:image:type\" content=\"image\/jpeg\" \/>\n<meta name=\"author\" content=\"maties\" \/>\n<meta name=\"twitter:card\" content=\"summary_large_image\" \/>\n<meta name=\"twitter:label1\" content=\"Escrito por\" \/>\n\t<meta name=\"twitter:data1\" content=\"maties\" \/>\n\t<meta name=\"twitter:label2\" content=\"Tiempo de lectura\" \/>\n\t<meta name=\"twitter:data2\" content=\"4 minutos\" \/>\n<script type=\"application\/ld+json\" class=\"yoast-schema-graph\">{\"@context\":\"https:\/\/schema.org\",\"@graph\":[{\"@type\":\"Article\",\"@id\":\"https:\/\/www.institutmacula.com\/es\/aportaciones-dr-mones-dr-santamaria-euretina-2025\/#article\",\"isPartOf\":{\"@id\":\"https:\/\/www.institutmacula.com\/es\/aportaciones-dr-mones-dr-santamaria-euretina-2025\/\"},\"author\":{\"name\":\"maties\",\"@id\":\"https:\/\/www.institutmacula.com\/es\/#\/schema\/person\/7132d3f447c8d1fc4507e3c9f72dcfaa\"},\"headline\":\"Las aportaciones del Dr. Mon\u00e9s y el Dr. Santamar\u00eda en EURETINA 2025\",\"datePublished\":\"2025-09-02T08:54:38+00:00\",\"dateModified\":\"2025-09-08T09:52:51+00:00\",\"mainEntityOfPage\":{\"@id\":\"https:\/\/www.institutmacula.com\/es\/aportaciones-dr-mones-dr-santamaria-euretina-2025\/\"},\"wordCount\":640,\"publisher\":{\"@id\":\"https:\/\/www.institutmacula.com\/es\/#organization\"},\"image\":{\"@id\":\"https:\/\/www.institutmacula.com\/es\/aportaciones-dr-mones-dr-santamaria-euretina-2025\/#primaryimage\"},\"thumbnailUrl\":\"https:\/\/www.institutmacula.com\/wp-content\/uploads\/2025\/09\/euretina-3.jpeg\",\"articleSection\":[\"Destacada\",\"Home\"],\"inLanguage\":\"es\"},{\"@type\":\"WebPage\",\"@id\":\"https:\/\/www.institutmacula.com\/es\/aportaciones-dr-mones-dr-santamaria-euretina-2025\/\",\"url\":\"https:\/\/www.institutmacula.com\/es\/aportaciones-dr-mones-dr-santamaria-euretina-2025\/\",\"name\":\"Las aportaciones del Dr. Mon\u00e9s y el Dr. Santamar\u00eda en EURETINA 2025 - Institut de la M\u00e0cula\",\"isPartOf\":{\"@id\":\"https:\/\/www.institutmacula.com\/es\/#website\"},\"primaryImageOfPage\":{\"@id\":\"https:\/\/www.institutmacula.com\/es\/aportaciones-dr-mones-dr-santamaria-euretina-2025\/#primaryimage\"},\"image\":{\"@id\":\"https:\/\/www.institutmacula.com\/es\/aportaciones-dr-mones-dr-santamaria-euretina-2025\/#primaryimage\"},\"thumbnailUrl\":\"https:\/\/www.institutmacula.com\/wp-content\/uploads\/2025\/09\/euretina-3.jpeg\",\"datePublished\":\"2025-09-02T08:54:38+00:00\",\"dateModified\":\"2025-09-08T09:52:51+00:00\",\"description\":\"El Dr. Mon\u00e9s y el Dr. Santamar\u00eda presentar\u00e1n, en EURETINA 2025, resultados de tres de los proyectos de investigaci\u00f3n en los que participan\",\"breadcrumb\":{\"@id\":\"https:\/\/www.institutmacula.com\/es\/aportaciones-dr-mones-dr-santamaria-euretina-2025\/#breadcrumb\"},\"inLanguage\":\"es\",\"potentialAction\":[{\"@type\":\"ReadAction\",\"target\":[\"https:\/\/www.institutmacula.com\/es\/aportaciones-dr-mones-dr-santamaria-euretina-2025\/\"]}]},{\"@type\":\"ImageObject\",\"inLanguage\":\"es\",\"@id\":\"https:\/\/www.institutmacula.com\/es\/aportaciones-dr-mones-dr-santamaria-euretina-2025\/#primaryimage\",\"url\":\"https:\/\/www.institutmacula.com\/wp-content\/uploads\/2025\/09\/euretina-3.jpeg\",\"contentUrl\":\"https:\/\/www.institutmacula.com\/wp-content\/uploads\/2025\/09\/euretina-3.jpeg\",\"width\":1600,\"height\":1200},{\"@type\":\"BreadcrumbList\",\"@id\":\"https:\/\/www.institutmacula.com\/es\/aportaciones-dr-mones-dr-santamaria-euretina-2025\/#breadcrumb\",\"itemListElement\":[{\"@type\":\"ListItem\",\"position\":1,\"name\":\"Inici\",\"item\":\"https:\/\/www.institutmacula.com\/es\/\"},{\"@type\":\"ListItem\",\"position\":2,\"name\":\"Las aportaciones del Dr. Mon\u00e9s y el Dr. Santamar\u00eda en EURETINA 2025\"}]},{\"@type\":\"WebSite\",\"@id\":\"https:\/\/www.institutmacula.com\/es\/#website\",\"url\":\"https:\/\/www.institutmacula.com\/es\/\",\"name\":\"Institut de la M\u00e0cula\",\"description\":\"Innovating Eye Care\",\"publisher\":{\"@id\":\"https:\/\/www.institutmacula.com\/es\/#organization\"},\"potentialAction\":[{\"@type\":\"SearchAction\",\"target\":{\"@type\":\"EntryPoint\",\"urlTemplate\":\"https:\/\/www.institutmacula.com\/es\/?s={search_term_string}\"},\"query-input\":{\"@type\":\"PropertyValueSpecification\",\"valueRequired\":true,\"valueName\":\"search_term_string\"}}],\"inLanguage\":\"es\"},{\"@type\":\"Organization\",\"@id\":\"https:\/\/www.institutmacula.com\/es\/#organization\",\"name\":\"Institut de la M\u00e0cula\",\"url\":\"https:\/\/www.institutmacula.com\/es\/\",\"logo\":{\"@type\":\"ImageObject\",\"inLanguage\":\"es\",\"@id\":\"https:\/\/www.institutmacula.com\/es\/#\/schema\/logo\/image\/\",\"url\":\"https:\/\/www.institutmacula.com\/wp-content\/uploads\/2024\/02\/logo-Institut-de-la-Macula-24.png\",\"contentUrl\":\"https:\/\/www.institutmacula.com\/wp-content\/uploads\/2024\/02\/logo-Institut-de-la-Macula-24.png\",\"width\":300,\"height\":120,\"caption\":\"Institut de la M\u00e0cula\"},\"image\":{\"@id\":\"https:\/\/www.institutmacula.com\/es\/#\/schema\/logo\/image\/\"}},{\"@type\":\"Person\",\"@id\":\"https:\/\/www.institutmacula.com\/es\/#\/schema\/person\/7132d3f447c8d1fc4507e3c9f72dcfaa\",\"name\":\"maties\"}]}<\/script>\n<!-- \/ Yoast SEO plugin. -->","yoast_head_json":{"title":"Las aportaciones del Dr. Mon\u00e9s y el Dr. Santamar\u00eda en EURETINA 2025 - Institut de la M\u00e0cula","description":"El Dr. Mon\u00e9s y el Dr. Santamar\u00eda presentar\u00e1n, en EURETINA 2025, resultados de tres de los proyectos de investigaci\u00f3n en los que participan","robots":{"index":"index","follow":"follow","max-snippet":"max-snippet:-1","max-image-preview":"max-image-preview:large","max-video-preview":"max-video-preview:-1"},"canonical":"https:\/\/www.institutmacula.com\/es\/aportaciones-dr-mones-dr-santamaria-euretina-2025\/","og_locale":"es_ES","og_type":"article","og_title":"Las aportaciones del Dr. Mon\u00e9s y el Dr. Santamar\u00eda en EURETINA 2025 - Institut de la M\u00e0cula","og_description":"El Dr. Mon\u00e9s y el Dr. Santamar\u00eda presentar\u00e1n, en EURETINA 2025, resultados de tres de los proyectos de investigaci\u00f3n en los que participan","og_url":"https:\/\/www.institutmacula.com\/es\/aportaciones-dr-mones-dr-santamaria-euretina-2025\/","og_site_name":"Institut de la M\u00e0cula","article_published_time":"2025-09-02T08:54:38+00:00","article_modified_time":"2025-09-08T09:52:51+00:00","og_image":[{"width":1600,"height":1200,"url":"https:\/\/www.institutmacula.com\/wp-content\/uploads\/2025\/09\/euretina-3.jpeg","type":"image\/jpeg"}],"author":"maties","twitter_card":"summary_large_image","twitter_misc":{"Escrito por":"maties","Tiempo de lectura":"4 minutos"},"schema":{"@context":"https:\/\/schema.org","@graph":[{"@type":"Article","@id":"https:\/\/www.institutmacula.com\/es\/aportaciones-dr-mones-dr-santamaria-euretina-2025\/#article","isPartOf":{"@id":"https:\/\/www.institutmacula.com\/es\/aportaciones-dr-mones-dr-santamaria-euretina-2025\/"},"author":{"name":"maties","@id":"https:\/\/www.institutmacula.com\/es\/#\/schema\/person\/7132d3f447c8d1fc4507e3c9f72dcfaa"},"headline":"Las aportaciones del Dr. Mon\u00e9s y el Dr. Santamar\u00eda en EURETINA 2025","datePublished":"2025-09-02T08:54:38+00:00","dateModified":"2025-09-08T09:52:51+00:00","mainEntityOfPage":{"@id":"https:\/\/www.institutmacula.com\/es\/aportaciones-dr-mones-dr-santamaria-euretina-2025\/"},"wordCount":640,"publisher":{"@id":"https:\/\/www.institutmacula.com\/es\/#organization"},"image":{"@id":"https:\/\/www.institutmacula.com\/es\/aportaciones-dr-mones-dr-santamaria-euretina-2025\/#primaryimage"},"thumbnailUrl":"https:\/\/www.institutmacula.com\/wp-content\/uploads\/2025\/09\/euretina-3.jpeg","articleSection":["Destacada","Home"],"inLanguage":"es"},{"@type":"WebPage","@id":"https:\/\/www.institutmacula.com\/es\/aportaciones-dr-mones-dr-santamaria-euretina-2025\/","url":"https:\/\/www.institutmacula.com\/es\/aportaciones-dr-mones-dr-santamaria-euretina-2025\/","name":"Las aportaciones del Dr. Mon\u00e9s y el Dr. Santamar\u00eda en EURETINA 2025 - Institut de la M\u00e0cula","isPartOf":{"@id":"https:\/\/www.institutmacula.com\/es\/#website"},"primaryImageOfPage":{"@id":"https:\/\/www.institutmacula.com\/es\/aportaciones-dr-mones-dr-santamaria-euretina-2025\/#primaryimage"},"image":{"@id":"https:\/\/www.institutmacula.com\/es\/aportaciones-dr-mones-dr-santamaria-euretina-2025\/#primaryimage"},"thumbnailUrl":"https:\/\/www.institutmacula.com\/wp-content\/uploads\/2025\/09\/euretina-3.jpeg","datePublished":"2025-09-02T08:54:38+00:00","dateModified":"2025-09-08T09:52:51+00:00","description":"El Dr. Mon\u00e9s y el Dr. Santamar\u00eda presentar\u00e1n, en EURETINA 2025, resultados de tres de los proyectos de investigaci\u00f3n en los que participan","breadcrumb":{"@id":"https:\/\/www.institutmacula.com\/es\/aportaciones-dr-mones-dr-santamaria-euretina-2025\/#breadcrumb"},"inLanguage":"es","potentialAction":[{"@type":"ReadAction","target":["https:\/\/www.institutmacula.com\/es\/aportaciones-dr-mones-dr-santamaria-euretina-2025\/"]}]},{"@type":"ImageObject","inLanguage":"es","@id":"https:\/\/www.institutmacula.com\/es\/aportaciones-dr-mones-dr-santamaria-euretina-2025\/#primaryimage","url":"https:\/\/www.institutmacula.com\/wp-content\/uploads\/2025\/09\/euretina-3.jpeg","contentUrl":"https:\/\/www.institutmacula.com\/wp-content\/uploads\/2025\/09\/euretina-3.jpeg","width":1600,"height":1200},{"@type":"BreadcrumbList","@id":"https:\/\/www.institutmacula.com\/es\/aportaciones-dr-mones-dr-santamaria-euretina-2025\/#breadcrumb","itemListElement":[{"@type":"ListItem","position":1,"name":"Inici","item":"https:\/\/www.institutmacula.com\/es\/"},{"@type":"ListItem","position":2,"name":"Las aportaciones del Dr. Mon\u00e9s y el Dr. Santamar\u00eda en EURETINA 2025"}]},{"@type":"WebSite","@id":"https:\/\/www.institutmacula.com\/es\/#website","url":"https:\/\/www.institutmacula.com\/es\/","name":"Institut de la M\u00e0cula","description":"Innovating Eye Care","publisher":{"@id":"https:\/\/www.institutmacula.com\/es\/#organization"},"potentialAction":[{"@type":"SearchAction","target":{"@type":"EntryPoint","urlTemplate":"https:\/\/www.institutmacula.com\/es\/?s={search_term_string}"},"query-input":{"@type":"PropertyValueSpecification","valueRequired":true,"valueName":"search_term_string"}}],"inLanguage":"es"},{"@type":"Organization","@id":"https:\/\/www.institutmacula.com\/es\/#organization","name":"Institut de la M\u00e0cula","url":"https:\/\/www.institutmacula.com\/es\/","logo":{"@type":"ImageObject","inLanguage":"es","@id":"https:\/\/www.institutmacula.com\/es\/#\/schema\/logo\/image\/","url":"https:\/\/www.institutmacula.com\/wp-content\/uploads\/2024\/02\/logo-Institut-de-la-Macula-24.png","contentUrl":"https:\/\/www.institutmacula.com\/wp-content\/uploads\/2024\/02\/logo-Institut-de-la-Macula-24.png","width":300,"height":120,"caption":"Institut de la M\u00e0cula"},"image":{"@id":"https:\/\/www.institutmacula.com\/es\/#\/schema\/logo\/image\/"}},{"@type":"Person","@id":"https:\/\/www.institutmacula.com\/es\/#\/schema\/person\/7132d3f447c8d1fc4507e3c9f72dcfaa","name":"maties"}]}},"_links":{"self":[{"href":"https:\/\/www.institutmacula.com\/es\/wp-json\/wp\/v2\/posts\/7875","targetHints":{"allow":["GET"]}}],"collection":[{"href":"https:\/\/www.institutmacula.com\/es\/wp-json\/wp\/v2\/posts"}],"about":[{"href":"https:\/\/www.institutmacula.com\/es\/wp-json\/wp\/v2\/types\/post"}],"author":[{"embeddable":true,"href":"https:\/\/www.institutmacula.com\/es\/wp-json\/wp\/v2\/users\/3"}],"replies":[{"embeddable":true,"href":"https:\/\/www.institutmacula.com\/es\/wp-json\/wp\/v2\/comments?post=7875"}],"version-history":[{"count":3,"href":"https:\/\/www.institutmacula.com\/es\/wp-json\/wp\/v2\/posts\/7875\/revisions"}],"predecessor-version":[{"id":7957,"href":"https:\/\/www.institutmacula.com\/es\/wp-json\/wp\/v2\/posts\/7875\/revisions\/7957"}],"wp:featuredmedia":[{"embeddable":true,"href":"https:\/\/www.institutmacula.com\/es\/wp-json\/wp\/v2\/media\/7947"}],"wp:attachment":[{"href":"https:\/\/www.institutmacula.com\/es\/wp-json\/wp\/v2\/media?parent=7875"}],"wp:term":[{"taxonomy":"category","embeddable":true,"href":"https:\/\/www.institutmacula.com\/es\/wp-json\/wp\/v2\/categories?post=7875"},{"taxonomy":"post_tag","embeddable":true,"href":"https:\/\/www.institutmacula.com\/es\/wp-json\/wp\/v2\/tags?post=7875"}],"curies":[{"name":"wp","href":"https:\/\/api.w.org\/{rel}","templated":true}]}}