{"id":8194,"date":"2023-07-13T13:23:00","date_gmt":"2023-07-13T11:23:00","guid":{"rendered":"https:\/\/www.institutmacula.com\/?p=8194"},"modified":"2025-12-10T09:59:10","modified_gmt":"2025-12-10T08:59:10","slug":"cirugia-refractiva-solucion-experta-para-la-vision","status":"publish","type":"post","link":"https:\/\/www.institutmacula.com\/es\/cirugia-refractiva-solucion-experta-para-la-vision\/","title":{"rendered":"Cirug\u00eda Refractiva: Soluci\u00f3n Experta para la Visi\u00f3n"},"content":{"rendered":"\n<p class=\"has-ast-global-color-8-color has-text-color has-link-color wp-elements-f7e6197ee02bf16d3257844e39bb5a95\"><a href=\"https:\/\/www.institutmacula.com\/patologia\/cirurgia-refractiva\/\">El avance de las t\u00e9cnicas de cirug\u00eda refractiva desarrolladas en las \u00faltimas d\u00e9cadas han abierto un nuevo mundo en el tratamiento de la miop\u00eda, la hipermetrop\u00eda, el astigmatismo y la presbicia. Vivir sin depender de lentes de contacto o sin gafas es, para muchas personas, una aspiraci\u00f3n factible y a su alcance.<\/a><\/p>\n\n\n\n<p class=\"has-ast-global-color-8-color has-text-color has-link-color wp-elements-81117f1b86d742e2489de8ee1beecb72\"><a href=\"https:\/\/www.institutmacula.com\/patologia\/cirurgia-refractiva\/\">La decisi\u00f3n de someterse a estos procedimientos debe tomarse\u00a0<strong>de manera informada y con consejo profesional<\/strong>. En el Institut de la M\u00e0cula nos ponemos a vuestra disposici\u00f3n para\u00a0<strong>estudiar cada caso de manera profunda y detenida<\/strong>. Ponemos en primera l\u00ednea \u2014es nuestra vocaci\u00f3n y nuestro primer motor\u2014 el inter\u00e9s del paciente y s\u00f3lo buscamos su beneficio.<\/a><\/p>\n\n\n\n<p class=\"has-ast-global-color-8-color has-text-color has-link-color wp-elements-9fa05f83ac579631f31445805b61bc90\"><a href=\"https:\/\/www.institutmacula.com\/patologia\/cirurgia-refractiva\/\">La elecci\u00f3n de la t\u00e9cnica de cirug\u00eda refractiva m\u00e1s adecuada para cada persona depende de diversos factores. De entrada, es muy importante que el paciente tenga m\u00e1s de dieciocho a\u00f1os y que el defecto refractivo se haya mantenido estable durante un m\u00ednimo de un a\u00f1o. A partir de aqu\u00ed, deben tenerse en cuenta, entre otros, el\u00a0<strong>n\u00famero de dioptr\u00edas<\/strong>\u00a0que han de corregirse, las\u00a0<strong>caracter\u00edsticas de la c\u00f3rnea<\/strong>, las\u00a0<strong>caracter\u00edsticas del segmento anterior del ojo<\/strong>\u00a0y la\u00a0<strong>profundidad de la c\u00e1mara anterior<\/strong>. Asimismo, ha de valorarse el estado de diferentes\u00a0<strong>estructuras oculares<\/strong>\u00a0como la retina, que, en el caso de las personas con miop\u00eda, requiere una atenci\u00f3n especial.\u00a0<\/a><\/p>\n\n\n\n<p class=\"has-ast-global-color-8-color has-text-color has-link-color wp-elements-7d13a5df6899df52d5dadb0c9fee3b42\"><a href=\"https:\/\/www.institutmacula.com\/patologia\/cirurgia-refractiva\/\">La cirug\u00eda refractiva es un procedimiento m\u00e9dico avanzado que ofrece una soluci\u00f3n efectiva para las personas con problemas de visi\u00f3n. Las t\u00e9cnicas de cirug\u00eda refractiva se dividen en dos grandes bloques: las que act\u00faan sobre la superficie ocular (<strong>t\u00e9cnicas con l\u00e1ser<\/strong>) y las que trabajan en el interior del ojo (<strong>implantaci\u00f3n de lentes<\/strong>). La cirug\u00eda con l\u00e1ser m\u00e1s utilizada es el\u00a0<strong>LASIK<\/strong>, con la cual eliminamos la refracci\u00f3n total del ojo. En casos en que la graduaci\u00f3n es baja, aplicamos la queratectom\u00eda fotorrefractiva (<strong>PRK<\/strong>), que, aparte de corregir defectos refractivos bajos, tambi\u00e9n permite eliminar opacidades corneales superficiales o lesiones corneales recurrentes.<\/a><\/p>\n\n\n\n<p class=\"has-ast-global-color-8-color has-text-color has-link-color wp-elements-2900b287320ff70ada68a31e25108220\"><a href=\"https:\/\/www.institutmacula.com\/patologia\/cirurgia-refractiva\/\">Cuando las caracter\u00edsticas del ojo no permiten aplicar las t\u00e9cnicas citadas, o en graduaciones muy altas, valoramos el implante de\u00a0<strong>lentes f\u00e1quicas ICL<\/strong>, con las cuales corregimos\u00a0<strong>hipermetrop\u00edas y miop\u00edas muy altas<\/strong>. Por \u00faltimo, en caso de que necesitemos tambi\u00e9n resolver la\u00a0<strong>presbicia<\/strong>, utilizamos una t\u00e9cnica que consiste en cambiar el cristalino transparente por una lente que permita enfocar sin la necesidad de gafas, tanto en visi\u00f3n de lejos como en visi\u00f3n intermedia y pr\u00f3xima.<\/a><\/p>\n\n\n\n<p><\/p>\n","protected":false},"excerpt":{"rendered":"<p>El avance de las t\u00e9cnicas de cirug\u00eda refractiva desarrolladas en las \u00faltimas d\u00e9cadas han abierto un nuevo mundo en el tratamiento de la miop\u00eda, la hipermetrop\u00eda, el astigmatismo y la presbicia. Vivir sin depender de lentes de contacto o sin gafas es, para muchas personas, una aspiraci\u00f3n factible y a su alcance. La decisi\u00f3n de [&hellip;]<\/p>\n","protected":false},"author":1,"featured_media":8195,"comment_status":"closed","ping_status":"closed","sticky":false,"template":"","format":"standard","meta":{"_acf_changed":false,"site-sidebar-layout":"default","site-content-layout":"","ast-site-content-layout":"default","site-content-style":"default","site-sidebar-style":"default","ast-global-header-display":"","ast-banner-title-visibility":"","ast-main-header-display":"","ast-hfb-above-header-display":"","ast-hfb-below-header-display":"","ast-hfb-mobile-header-display":"","site-post-title":"","ast-breadcrumbs-content":"","ast-featured-img":"","footer-sml-layout":"","ast-disable-related-posts":"","theme-transparent-header-meta":"","adv-header-id-meta":"","stick-header-meta":"","header-above-stick-meta":"","header-main-stick-meta":"","header-below-stick-meta":"","astra-migrate-meta-layouts":"set","ast-page-background-enabled":"default","ast-page-background-meta":{"desktop":{"background-color":"var(--ast-global-color-4)","background-image":"","background-repeat":"repeat","background-position":"center center","background-size":"auto","background-attachment":"scroll","background-type":"","background-media":"","overlay-type":"","overlay-color":"","overlay-opacity":"","overlay-gradient":""},"tablet":{"background-color":"","background-image":"","background-repeat":"repeat","background-position":"center center","background-size":"auto","background-attachment":"scroll","background-type":"","background-media":"","overlay-type":"","overlay-color":"","overlay-opacity":"","overlay-gradient":""},"mobile":{"background-color":"","background-image":"","background-repeat":"repeat","background-position":"center center","background-size":"auto","background-attachment":"scroll","background-type":"","background-media":"","overlay-type":"","overlay-color":"","overlay-opacity":"","overlay-gradient":""}},"ast-content-background-meta":{"desktop":{"background-color":"var(--ast-global-color-5)","background-image":"","background-repeat":"repeat","background-position":"center center","background-size":"auto","background-attachment":"scroll","background-type":"","background-media":"","overlay-type":"","overlay-color":"","overlay-opacity":"","overlay-gradient":""},"tablet":{"background-color":"var(--ast-global-color-5)","background-image":"","background-repeat":"repeat","background-position":"center center","background-size":"auto","background-attachment":"scroll","background-type":"","background-media":"","overlay-type":"","overlay-color":"","overlay-opacity":"","overlay-gradient":""},"mobile":{"background-color":"var(--ast-global-color-5)","background-image":"","background-repeat":"repeat","background-position":"center center","background-size":"auto","background-attachment":"scroll","background-type":"","background-media":"","overlay-type":"","overlay-color":"","overlay-opacity":"","overlay-gradient":""}},"footnotes":""},"categories":[33],"tags":[],"class_list":["post-8194","post","type-post","status-publish","format-standard","has-post-thumbnail","hentry","category-noticias"],"acf":[],"yoast_head":"<!-- This site is optimized with the Yoast SEO plugin v26.9 - https:\/\/yoast.com\/product\/yoast-seo-wordpress\/ -->\n<title>Cirug\u00eda Refractiva: Adi\u00f3s a Gafas y Lentes | Institut de la M\u00e0cula<\/title>\n<meta name=\"description\" content=\"Correcci\u00f3n visual experta para miop\u00eda, astigmatismo e hipermetrop\u00eda con t\u00e9cnicas l\u00e1ser (LASIK, PRK) y lentes f\u00e1quicas. Atenci\u00f3n personalizada.\" \/>\n<meta name=\"robots\" content=\"index, follow, max-snippet:-1, max-image-preview:large, max-video-preview:-1\" \/>\n<link rel=\"canonical\" href=\"https:\/\/www.institutmacula.com\/es\/cirugia-refractiva-solucion-experta-para-la-vision\/\" \/>\n<meta property=\"og:locale\" content=\"es_ES\" \/>\n<meta property=\"og:type\" content=\"article\" \/>\n<meta property=\"og:title\" content=\"Cirug\u00eda Refractiva: Adi\u00f3s a Gafas y Lentes | Institut de la M\u00e0cula\" \/>\n<meta property=\"og:description\" content=\"Correcci\u00f3n visual experta para miop\u00eda, astigmatismo e hipermetrop\u00eda con t\u00e9cnicas l\u00e1ser (LASIK, PRK) y lentes f\u00e1quicas. Atenci\u00f3n personalizada.\" \/>\n<meta property=\"og:url\" content=\"https:\/\/www.institutmacula.com\/es\/cirugia-refractiva-solucion-experta-para-la-vision\/\" \/>\n<meta property=\"og:site_name\" content=\"Institut de la M\u00e0cula\" \/>\n<meta property=\"article:published_time\" content=\"2023-07-13T11:23:00+00:00\" \/>\n<meta property=\"article:modified_time\" content=\"2025-12-10T08:59:10+00:00\" \/>\n<meta property=\"og:image\" content=\"https:\/\/www.institutmacula.com\/wp-content\/uploads\/2025\/12\/cirugia-refractiva-solucion-experta-para-la-vision.jpg\" \/>\n\t<meta property=\"og:image:width\" content=\"1200\" \/>\n\t<meta property=\"og:image:height\" content=\"668\" \/>\n\t<meta property=\"og:image:type\" content=\"image\/jpeg\" \/>\n<meta name=\"author\" content=\"mllibre\" \/>\n<meta name=\"twitter:card\" content=\"summary_large_image\" \/>\n<meta name=\"twitter:label1\" content=\"Escrito por\" \/>\n\t<meta name=\"twitter:data1\" content=\"mllibre\" \/>\n\t<meta name=\"twitter:label2\" content=\"Tiempo de lectura\" \/>\n\t<meta name=\"twitter:data2\" content=\"3 minutos\" \/>\n<script type=\"application\/ld+json\" class=\"yoast-schema-graph\">{\"@context\":\"https:\/\/schema.org\",\"@graph\":[{\"@type\":\"Article\",\"@id\":\"https:\/\/www.institutmacula.com\/es\/cirugia-refractiva-solucion-experta-para-la-vision\/#article\",\"isPartOf\":{\"@id\":\"https:\/\/www.institutmacula.com\/es\/cirugia-refractiva-solucion-experta-para-la-vision\/\"},\"author\":{\"name\":\"mllibre\",\"@id\":\"https:\/\/www.institutmacula.com\/es\/#\/schema\/person\/a686371d69fa87f058071b9d5a952536\"},\"headline\":\"Cirug\u00eda Refractiva: Soluci\u00f3n Experta para la Visi\u00f3n\",\"datePublished\":\"2023-07-13T11:23:00+00:00\",\"dateModified\":\"2025-12-10T08:59:10+00:00\",\"mainEntityOfPage\":{\"@id\":\"https:\/\/www.institutmacula.com\/es\/cirugia-refractiva-solucion-experta-para-la-vision\/\"},\"wordCount\":458,\"publisher\":{\"@id\":\"https:\/\/www.institutmacula.com\/es\/#organization\"},\"image\":{\"@id\":\"https:\/\/www.institutmacula.com\/es\/cirugia-refractiva-solucion-experta-para-la-vision\/#primaryimage\"},\"thumbnailUrl\":\"https:\/\/www.institutmacula.com\/wp-content\/uploads\/2025\/12\/cirugia-refractiva-solucion-experta-para-la-vision.jpg\",\"articleSection\":[\"Noticias\"],\"inLanguage\":\"es\"},{\"@type\":\"WebPage\",\"@id\":\"https:\/\/www.institutmacula.com\/es\/cirugia-refractiva-solucion-experta-para-la-vision\/\",\"url\":\"https:\/\/www.institutmacula.com\/es\/cirugia-refractiva-solucion-experta-para-la-vision\/\",\"name\":\"Cirug\u00eda Refractiva: Adi\u00f3s a Gafas y Lentes | Institut de la M\u00e0cula\",\"isPartOf\":{\"@id\":\"https:\/\/www.institutmacula.com\/es\/#website\"},\"primaryImageOfPage\":{\"@id\":\"https:\/\/www.institutmacula.com\/es\/cirugia-refractiva-solucion-experta-para-la-vision\/#primaryimage\"},\"image\":{\"@id\":\"https:\/\/www.institutmacula.com\/es\/cirugia-refractiva-solucion-experta-para-la-vision\/#primaryimage\"},\"thumbnailUrl\":\"https:\/\/www.institutmacula.com\/wp-content\/uploads\/2025\/12\/cirugia-refractiva-solucion-experta-para-la-vision.jpg\",\"datePublished\":\"2023-07-13T11:23:00+00:00\",\"dateModified\":\"2025-12-10T08:59:10+00:00\",\"description\":\"Correcci\u00f3n visual experta para miop\u00eda, astigmatismo e hipermetrop\u00eda con t\u00e9cnicas l\u00e1ser (LASIK, PRK) y lentes f\u00e1quicas. Atenci\u00f3n personalizada.\",\"breadcrumb\":{\"@id\":\"https:\/\/www.institutmacula.com\/es\/cirugia-refractiva-solucion-experta-para-la-vision\/#breadcrumb\"},\"inLanguage\":\"es\",\"potentialAction\":[{\"@type\":\"ReadAction\",\"target\":[\"https:\/\/www.institutmacula.com\/es\/cirugia-refractiva-solucion-experta-para-la-vision\/\"]}]},{\"@type\":\"ImageObject\",\"inLanguage\":\"es\",\"@id\":\"https:\/\/www.institutmacula.com\/es\/cirugia-refractiva-solucion-experta-para-la-vision\/#primaryimage\",\"url\":\"https:\/\/www.institutmacula.com\/wp-content\/uploads\/2025\/12\/cirugia-refractiva-solucion-experta-para-la-vision.jpg\",\"contentUrl\":\"https:\/\/www.institutmacula.com\/wp-content\/uploads\/2025\/12\/cirugia-refractiva-solucion-experta-para-la-vision.jpg\",\"width\":1200,\"height\":668},{\"@type\":\"BreadcrumbList\",\"@id\":\"https:\/\/www.institutmacula.com\/es\/cirugia-refractiva-solucion-experta-para-la-vision\/#breadcrumb\",\"itemListElement\":[{\"@type\":\"ListItem\",\"position\":1,\"name\":\"Inici\",\"item\":\"https:\/\/www.institutmacula.com\/es\/\"},{\"@type\":\"ListItem\",\"position\":2,\"name\":\"Cirug\u00eda Refractiva: Soluci\u00f3n Experta para la Visi\u00f3n\"}]},{\"@type\":\"WebSite\",\"@id\":\"https:\/\/www.institutmacula.com\/es\/#website\",\"url\":\"https:\/\/www.institutmacula.com\/es\/\",\"name\":\"Institut de la M\u00e0cula\",\"description\":\"Innovating Eye Care\",\"publisher\":{\"@id\":\"https:\/\/www.institutmacula.com\/es\/#organization\"},\"potentialAction\":[{\"@type\":\"SearchAction\",\"target\":{\"@type\":\"EntryPoint\",\"urlTemplate\":\"https:\/\/www.institutmacula.com\/es\/?s={search_term_string}\"},\"query-input\":{\"@type\":\"PropertyValueSpecification\",\"valueRequired\":true,\"valueName\":\"search_term_string\"}}],\"inLanguage\":\"es\"},{\"@type\":\"Organization\",\"@id\":\"https:\/\/www.institutmacula.com\/es\/#organization\",\"name\":\"Institut de la M\u00e0cula\",\"url\":\"https:\/\/www.institutmacula.com\/es\/\",\"logo\":{\"@type\":\"ImageObject\",\"inLanguage\":\"es\",\"@id\":\"https:\/\/www.institutmacula.com\/es\/#\/schema\/logo\/image\/\",\"url\":\"https:\/\/www.institutmacula.com\/wp-content\/uploads\/2024\/02\/logo-Institut-de-la-Macula-24.png\",\"contentUrl\":\"https:\/\/www.institutmacula.com\/wp-content\/uploads\/2024\/02\/logo-Institut-de-la-Macula-24.png\",\"width\":300,\"height\":120,\"caption\":\"Institut de la M\u00e0cula\"},\"image\":{\"@id\":\"https:\/\/www.institutmacula.com\/es\/#\/schema\/logo\/image\/\"}},{\"@type\":\"Person\",\"@id\":\"https:\/\/www.institutmacula.com\/es\/#\/schema\/person\/a686371d69fa87f058071b9d5a952536\",\"name\":\"mllibre\"}]}<\/script>\n<!-- \/ Yoast SEO plugin. -->","yoast_head_json":{"title":"Cirug\u00eda Refractiva: Adi\u00f3s a Gafas y Lentes | Institut de la M\u00e0cula","description":"Correcci\u00f3n visual experta para miop\u00eda, astigmatismo e hipermetrop\u00eda con t\u00e9cnicas l\u00e1ser (LASIK, PRK) y lentes f\u00e1quicas. Atenci\u00f3n personalizada.","robots":{"index":"index","follow":"follow","max-snippet":"max-snippet:-1","max-image-preview":"max-image-preview:large","max-video-preview":"max-video-preview:-1"},"canonical":"https:\/\/www.institutmacula.com\/es\/cirugia-refractiva-solucion-experta-para-la-vision\/","og_locale":"es_ES","og_type":"article","og_title":"Cirug\u00eda Refractiva: Adi\u00f3s a Gafas y Lentes | Institut de la M\u00e0cula","og_description":"Correcci\u00f3n visual experta para miop\u00eda, astigmatismo e hipermetrop\u00eda con t\u00e9cnicas l\u00e1ser (LASIK, PRK) y lentes f\u00e1quicas. Atenci\u00f3n personalizada.","og_url":"https:\/\/www.institutmacula.com\/es\/cirugia-refractiva-solucion-experta-para-la-vision\/","og_site_name":"Institut de la M\u00e0cula","article_published_time":"2023-07-13T11:23:00+00:00","article_modified_time":"2025-12-10T08:59:10+00:00","og_image":[{"width":1200,"height":668,"url":"https:\/\/www.institutmacula.com\/wp-content\/uploads\/2025\/12\/cirugia-refractiva-solucion-experta-para-la-vision.jpg","type":"image\/jpeg"}],"author":"mllibre","twitter_card":"summary_large_image","twitter_misc":{"Escrito por":"mllibre","Tiempo de lectura":"3 minutos"},"schema":{"@context":"https:\/\/schema.org","@graph":[{"@type":"Article","@id":"https:\/\/www.institutmacula.com\/es\/cirugia-refractiva-solucion-experta-para-la-vision\/#article","isPartOf":{"@id":"https:\/\/www.institutmacula.com\/es\/cirugia-refractiva-solucion-experta-para-la-vision\/"},"author":{"name":"mllibre","@id":"https:\/\/www.institutmacula.com\/es\/#\/schema\/person\/a686371d69fa87f058071b9d5a952536"},"headline":"Cirug\u00eda Refractiva: Soluci\u00f3n Experta para la Visi\u00f3n","datePublished":"2023-07-13T11:23:00+00:00","dateModified":"2025-12-10T08:59:10+00:00","mainEntityOfPage":{"@id":"https:\/\/www.institutmacula.com\/es\/cirugia-refractiva-solucion-experta-para-la-vision\/"},"wordCount":458,"publisher":{"@id":"https:\/\/www.institutmacula.com\/es\/#organization"},"image":{"@id":"https:\/\/www.institutmacula.com\/es\/cirugia-refractiva-solucion-experta-para-la-vision\/#primaryimage"},"thumbnailUrl":"https:\/\/www.institutmacula.com\/wp-content\/uploads\/2025\/12\/cirugia-refractiva-solucion-experta-para-la-vision.jpg","articleSection":["Noticias"],"inLanguage":"es"},{"@type":"WebPage","@id":"https:\/\/www.institutmacula.com\/es\/cirugia-refractiva-solucion-experta-para-la-vision\/","url":"https:\/\/www.institutmacula.com\/es\/cirugia-refractiva-solucion-experta-para-la-vision\/","name":"Cirug\u00eda Refractiva: Adi\u00f3s a Gafas y Lentes | Institut de la M\u00e0cula","isPartOf":{"@id":"https:\/\/www.institutmacula.com\/es\/#website"},"primaryImageOfPage":{"@id":"https:\/\/www.institutmacula.com\/es\/cirugia-refractiva-solucion-experta-para-la-vision\/#primaryimage"},"image":{"@id":"https:\/\/www.institutmacula.com\/es\/cirugia-refractiva-solucion-experta-para-la-vision\/#primaryimage"},"thumbnailUrl":"https:\/\/www.institutmacula.com\/wp-content\/uploads\/2025\/12\/cirugia-refractiva-solucion-experta-para-la-vision.jpg","datePublished":"2023-07-13T11:23:00+00:00","dateModified":"2025-12-10T08:59:10+00:00","description":"Correcci\u00f3n visual experta para miop\u00eda, astigmatismo e hipermetrop\u00eda con t\u00e9cnicas l\u00e1ser (LASIK, PRK) y lentes f\u00e1quicas. Atenci\u00f3n personalizada.","breadcrumb":{"@id":"https:\/\/www.institutmacula.com\/es\/cirugia-refractiva-solucion-experta-para-la-vision\/#breadcrumb"},"inLanguage":"es","potentialAction":[{"@type":"ReadAction","target":["https:\/\/www.institutmacula.com\/es\/cirugia-refractiva-solucion-experta-para-la-vision\/"]}]},{"@type":"ImageObject","inLanguage":"es","@id":"https:\/\/www.institutmacula.com\/es\/cirugia-refractiva-solucion-experta-para-la-vision\/#primaryimage","url":"https:\/\/www.institutmacula.com\/wp-content\/uploads\/2025\/12\/cirugia-refractiva-solucion-experta-para-la-vision.jpg","contentUrl":"https:\/\/www.institutmacula.com\/wp-content\/uploads\/2025\/12\/cirugia-refractiva-solucion-experta-para-la-vision.jpg","width":1200,"height":668},{"@type":"BreadcrumbList","@id":"https:\/\/www.institutmacula.com\/es\/cirugia-refractiva-solucion-experta-para-la-vision\/#breadcrumb","itemListElement":[{"@type":"ListItem","position":1,"name":"Inici","item":"https:\/\/www.institutmacula.com\/es\/"},{"@type":"ListItem","position":2,"name":"Cirug\u00eda Refractiva: Soluci\u00f3n Experta para la Visi\u00f3n"}]},{"@type":"WebSite","@id":"https:\/\/www.institutmacula.com\/es\/#website","url":"https:\/\/www.institutmacula.com\/es\/","name":"Institut de la M\u00e0cula","description":"Innovating Eye Care","publisher":{"@id":"https:\/\/www.institutmacula.com\/es\/#organization"},"potentialAction":[{"@type":"SearchAction","target":{"@type":"EntryPoint","urlTemplate":"https:\/\/www.institutmacula.com\/es\/?s={search_term_string}"},"query-input":{"@type":"PropertyValueSpecification","valueRequired":true,"valueName":"search_term_string"}}],"inLanguage":"es"},{"@type":"Organization","@id":"https:\/\/www.institutmacula.com\/es\/#organization","name":"Institut de la M\u00e0cula","url":"https:\/\/www.institutmacula.com\/es\/","logo":{"@type":"ImageObject","inLanguage":"es","@id":"https:\/\/www.institutmacula.com\/es\/#\/schema\/logo\/image\/","url":"https:\/\/www.institutmacula.com\/wp-content\/uploads\/2024\/02\/logo-Institut-de-la-Macula-24.png","contentUrl":"https:\/\/www.institutmacula.com\/wp-content\/uploads\/2024\/02\/logo-Institut-de-la-Macula-24.png","width":300,"height":120,"caption":"Institut de la M\u00e0cula"},"image":{"@id":"https:\/\/www.institutmacula.com\/es\/#\/schema\/logo\/image\/"}},{"@type":"Person","@id":"https:\/\/www.institutmacula.com\/es\/#\/schema\/person\/a686371d69fa87f058071b9d5a952536","name":"mllibre"}]}},"_links":{"self":[{"href":"https:\/\/www.institutmacula.com\/es\/wp-json\/wp\/v2\/posts\/8194","targetHints":{"allow":["GET"]}}],"collection":[{"href":"https:\/\/www.institutmacula.com\/es\/wp-json\/wp\/v2\/posts"}],"about":[{"href":"https:\/\/www.institutmacula.com\/es\/wp-json\/wp\/v2\/types\/post"}],"author":[{"embeddable":true,"href":"https:\/\/www.institutmacula.com\/es\/wp-json\/wp\/v2\/users\/1"}],"replies":[{"embeddable":true,"href":"https:\/\/www.institutmacula.com\/es\/wp-json\/wp\/v2\/comments?post=8194"}],"version-history":[{"count":1,"href":"https:\/\/www.institutmacula.com\/es\/wp-json\/wp\/v2\/posts\/8194\/revisions"}],"predecessor-version":[{"id":8198,"href":"https:\/\/www.institutmacula.com\/es\/wp-json\/wp\/v2\/posts\/8194\/revisions\/8198"}],"wp:featuredmedia":[{"embeddable":true,"href":"https:\/\/www.institutmacula.com\/es\/wp-json\/wp\/v2\/media\/8195"}],"wp:attachment":[{"href":"https:\/\/www.institutmacula.com\/es\/wp-json\/wp\/v2\/media?parent=8194"}],"wp:term":[{"taxonomy":"category","embeddable":true,"href":"https:\/\/www.institutmacula.com\/es\/wp-json\/wp\/v2\/categories?post=8194"},{"taxonomy":"post_tag","embeddable":true,"href":"https:\/\/www.institutmacula.com\/es\/wp-json\/wp\/v2\/tags?post=8194"}],"curies":[{"name":"wp","href":"https:\/\/api.w.org\/{rel}","templated":true}]}}