{"id":8223,"date":"2024-02-07T11:11:00","date_gmt":"2024-02-07T10:11:00","guid":{"rendered":"https:\/\/www.institutmacula.com\/?p=8223"},"modified":"2025-12-10T11:17:45","modified_gmt":"2025-12-10T10:17:45","slug":"glaucoma-diagnostico-precoz-cribado-familiar","status":"publish","type":"post","link":"https:\/\/www.institutmacula.com\/es\/glaucoma-diagnostico-precoz-cribado-familiar\/","title":{"rendered":"Atendamos al glaucoma: Jornada para vuestros familiares"},"content":{"rendered":"\n<p><strong>El Institut de la M\u00e0cula celebra el pr\u00f3ximo 1 de marzo una jornada especial dedicada al diagn\u00f3stico precoz del glaucoma<\/strong>, a las puertas&nbsp;del D\u00eda Mundial dedicado a esta enfermedad. En esa jornada abrimos la cl\u00ednica para los familiares de las personas que, como usted, est\u00e1n en tratamiento por&nbsp;esta patolog\u00eda o tienen alguna circunstancia por la que les recomendamos una vigilancia estrecha. El entorno familiar debe tener un cuidado especial, ya que se ha demostrado que&nbsp;<strong>las probabilidades de desarrollar glaucoma se pueden multiplicar hasta 10.&nbsp;<\/strong>Por eso hemos decidido dedicar un d\u00eda a cuidar tambi\u00e9n a sus familiares. Si hacen llegar esta invitaci\u00f3n a dos personas de su familia \u2014hijos, hijas, sobrinas, sobrinos, hermanos o hermanas\u2014 podr\u00e1n venir a hacer el cribado del glaucoma de manera gratuita.&nbsp;<strong>Solo tienen que ponerse en contacto con nosotros en el 935 950 155 y pedir hora para esta prueba, \u00e1gil e indolora<\/strong>. Tambi\u00e9n pueden contactar a&nbsp;<a href=\"https:\/\/wa.me\/34935950155\/?text=Quisiera%20concertar%20una%20visita%20para%20la%20jornada%20de%20diagn%C3%B3stico%20precoz%20del%20glaucoma.\" target=\"_blank\" rel=\"noreferrer noopener\"><strong>trav\u00e9s de whatsapp<\/strong><\/a>.<\/p>\n\n\n\n<p><strong>Como paciente familiarizado con el glaucoma, debe saber que esta enfermedad tiene un fuerte componente hereditario<\/strong>. Adem\u00e1s, se calcula que hasta el 50% de pacientes no saben que la sufren. Muchos de los s\u00edntomas son imperceptibles hasta que la enfermedad est\u00e1 muy avanzada, as\u00ed que el diagn\u00f3stico precoz es de vital importancia.<\/p>\n\n\n\n<p>Esta<strong>&nbsp;jornada de prevenci\u00f3n de las consecuencias del glaucoma<\/strong>&nbsp;la llevaremos a cabo en las instalaciones del&nbsp;<strong>Institut de la M\u00e0cula y el coste de las pruebas correr\u00e1 a nuestro cargo<\/strong>. Porque otra manera de cuidarlo a usted es tambi\u00e9n cuidar a su familia, y sabemos que la mejor manera de prevenir las secuelas del glaucoma es el diagn\u00f3stico precoz.<\/p>\n\n\n\n<p><\/p>\n","protected":false},"excerpt":{"rendered":"<p>El Institut de la M\u00e0cula celebra el pr\u00f3ximo 1 de marzo una jornada especial dedicada al diagn\u00f3stico precoz del glaucoma, a las puertas&nbsp;del D\u00eda Mundial dedicado a esta enfermedad. En esa jornada abrimos la cl\u00ednica para los familiares de las personas que, como usted, est\u00e1n en tratamiento por&nbsp;esta patolog\u00eda o tienen alguna circunstancia por la [&hellip;]<\/p>\n","protected":false},"author":1,"featured_media":8224,"comment_status":"closed","ping_status":"closed","sticky":false,"template":"","format":"standard","meta":{"_acf_changed":false,"site-sidebar-layout":"default","site-content-layout":"","ast-site-content-layout":"default","site-content-style":"default","site-sidebar-style":"default","ast-global-header-display":"","ast-banner-title-visibility":"","ast-main-header-display":"","ast-hfb-above-header-display":"","ast-hfb-below-header-display":"","ast-hfb-mobile-header-display":"","site-post-title":"","ast-breadcrumbs-content":"","ast-featured-img":"","footer-sml-layout":"","ast-disable-related-posts":"","theme-transparent-header-meta":"","adv-header-id-meta":"","stick-header-meta":"","header-above-stick-meta":"","header-main-stick-meta":"","header-below-stick-meta":"","astra-migrate-meta-layouts":"set","ast-page-background-enabled":"default","ast-page-background-meta":{"desktop":{"background-color":"var(--ast-global-color-4)","background-image":"","background-repeat":"repeat","background-position":"center center","background-size":"auto","background-attachment":"scroll","background-type":"","background-media":"","overlay-type":"","overlay-color":"","overlay-opacity":"","overlay-gradient":""},"tablet":{"background-color":"","background-image":"","background-repeat":"repeat","background-position":"center center","background-size":"auto","background-attachment":"scroll","background-type":"","background-media":"","overlay-type":"","overlay-color":"","overlay-opacity":"","overlay-gradient":""},"mobile":{"background-color":"","background-image":"","background-repeat":"repeat","background-position":"center center","background-size":"auto","background-attachment":"scroll","background-type":"","background-media":"","overlay-type":"","overlay-color":"","overlay-opacity":"","overlay-gradient":""}},"ast-content-background-meta":{"desktop":{"background-color":"var(--ast-global-color-5)","background-image":"","background-repeat":"repeat","background-position":"center center","background-size":"auto","background-attachment":"scroll","background-type":"","background-media":"","overlay-type":"","overlay-color":"","overlay-opacity":"","overlay-gradient":""},"tablet":{"background-color":"var(--ast-global-color-5)","background-image":"","background-repeat":"repeat","background-position":"center center","background-size":"auto","background-attachment":"scroll","background-type":"","background-media":"","overlay-type":"","overlay-color":"","overlay-opacity":"","overlay-gradient":""},"mobile":{"background-color":"var(--ast-global-color-5)","background-image":"","background-repeat":"repeat","background-position":"center center","background-size":"auto","background-attachment":"scroll","background-type":"","background-media":"","overlay-type":"","overlay-color":"","overlay-opacity":"","overlay-gradient":""}},"footnotes":""},"categories":[33],"tags":[],"class_list":["post-8223","post","type-post","status-publish","format-standard","has-post-thumbnail","hentry","category-noticias"],"acf":[],"yoast_head":"<!-- This site is optimized with the Yoast SEO plugin v26.9 - https:\/\/yoast.com\/product\/yoast-seo-wordpress\/ -->\n<title>Glaucoma: Cribado Familiar Gratuito | Institut de la M\u00e0cula<\/title>\n<meta name=\"description\" content=\"Jornada especial de diagn\u00f3stico precoz de glaucoma para familiares. La enfermedad es hereditaria, \u00a1las probabilidades se multiplican por 10! Pide tu cita.\" \/>\n<meta name=\"robots\" content=\"index, follow, max-snippet:-1, max-image-preview:large, max-video-preview:-1\" \/>\n<link rel=\"canonical\" href=\"https:\/\/www.institutmacula.com\/es\/glaucoma-diagnostico-precoz-cribado-familiar\/\" \/>\n<meta property=\"og:locale\" content=\"es_ES\" \/>\n<meta property=\"og:type\" content=\"article\" \/>\n<meta property=\"og:title\" content=\"Glaucoma: Cribado Familiar Gratuito | Institut de la M\u00e0cula\" \/>\n<meta property=\"og:description\" content=\"Jornada especial de diagn\u00f3stico precoz de glaucoma para familiares. La enfermedad es hereditaria, \u00a1las probabilidades se multiplican por 10! Pide tu cita.\" \/>\n<meta property=\"og:url\" content=\"https:\/\/www.institutmacula.com\/es\/glaucoma-diagnostico-precoz-cribado-familiar\/\" \/>\n<meta property=\"og:site_name\" content=\"Institut de la M\u00e0cula\" \/>\n<meta property=\"article:published_time\" content=\"2024-02-07T10:11:00+00:00\" \/>\n<meta property=\"article:modified_time\" content=\"2025-12-10T10:17:45+00:00\" \/>\n<meta property=\"og:image\" content=\"https:\/\/www.institutmacula.com\/wp-content\/uploads\/2025\/12\/atendamos-al-glaucoma.jpeg\" \/>\n\t<meta property=\"og:image:width\" content=\"1200\" \/>\n\t<meta property=\"og:image:height\" content=\"769\" \/>\n\t<meta property=\"og:image:type\" content=\"image\/jpeg\" \/>\n<meta name=\"author\" content=\"mllibre\" \/>\n<meta name=\"twitter:card\" content=\"summary_large_image\" \/>\n<meta name=\"twitter:label1\" content=\"Escrito por\" \/>\n\t<meta name=\"twitter:data1\" content=\"mllibre\" \/>\n\t<meta name=\"twitter:label2\" content=\"Tiempo de lectura\" \/>\n\t<meta name=\"twitter:data2\" content=\"2 minutos\" \/>\n<script type=\"application\/ld+json\" class=\"yoast-schema-graph\">{\"@context\":\"https:\/\/schema.org\",\"@graph\":[{\"@type\":\"Article\",\"@id\":\"https:\/\/www.institutmacula.com\/es\/glaucoma-diagnostico-precoz-cribado-familiar\/#article\",\"isPartOf\":{\"@id\":\"https:\/\/www.institutmacula.com\/es\/glaucoma-diagnostico-precoz-cribado-familiar\/\"},\"author\":{\"name\":\"mllibre\",\"@id\":\"https:\/\/www.institutmacula.com\/es\/#\/schema\/person\/a686371d69fa87f058071b9d5a952536\"},\"headline\":\"Atendamos al glaucoma: Jornada para vuestros familiares\",\"datePublished\":\"2024-02-07T10:11:00+00:00\",\"dateModified\":\"2025-12-10T10:17:45+00:00\",\"mainEntityOfPage\":{\"@id\":\"https:\/\/www.institutmacula.com\/es\/glaucoma-diagnostico-precoz-cribado-familiar\/\"},\"wordCount\":300,\"publisher\":{\"@id\":\"https:\/\/www.institutmacula.com\/es\/#organization\"},\"image\":{\"@id\":\"https:\/\/www.institutmacula.com\/es\/glaucoma-diagnostico-precoz-cribado-familiar\/#primaryimage\"},\"thumbnailUrl\":\"https:\/\/www.institutmacula.com\/wp-content\/uploads\/2025\/12\/atendamos-al-glaucoma.jpeg\",\"articleSection\":[\"Noticias\"],\"inLanguage\":\"es\"},{\"@type\":\"WebPage\",\"@id\":\"https:\/\/www.institutmacula.com\/es\/glaucoma-diagnostico-precoz-cribado-familiar\/\",\"url\":\"https:\/\/www.institutmacula.com\/es\/glaucoma-diagnostico-precoz-cribado-familiar\/\",\"name\":\"Glaucoma: Cribado Familiar Gratuito | Institut de la M\u00e0cula\",\"isPartOf\":{\"@id\":\"https:\/\/www.institutmacula.com\/es\/#website\"},\"primaryImageOfPage\":{\"@id\":\"https:\/\/www.institutmacula.com\/es\/glaucoma-diagnostico-precoz-cribado-familiar\/#primaryimage\"},\"image\":{\"@id\":\"https:\/\/www.institutmacula.com\/es\/glaucoma-diagnostico-precoz-cribado-familiar\/#primaryimage\"},\"thumbnailUrl\":\"https:\/\/www.institutmacula.com\/wp-content\/uploads\/2025\/12\/atendamos-al-glaucoma.jpeg\",\"datePublished\":\"2024-02-07T10:11:00+00:00\",\"dateModified\":\"2025-12-10T10:17:45+00:00\",\"description\":\"Jornada especial de diagn\u00f3stico precoz de glaucoma para familiares. La enfermedad es hereditaria, \u00a1las probabilidades se multiplican por 10! Pide tu cita.\",\"breadcrumb\":{\"@id\":\"https:\/\/www.institutmacula.com\/es\/glaucoma-diagnostico-precoz-cribado-familiar\/#breadcrumb\"},\"inLanguage\":\"es\",\"potentialAction\":[{\"@type\":\"ReadAction\",\"target\":[\"https:\/\/www.institutmacula.com\/es\/glaucoma-diagnostico-precoz-cribado-familiar\/\"]}]},{\"@type\":\"ImageObject\",\"inLanguage\":\"es\",\"@id\":\"https:\/\/www.institutmacula.com\/es\/glaucoma-diagnostico-precoz-cribado-familiar\/#primaryimage\",\"url\":\"https:\/\/www.institutmacula.com\/wp-content\/uploads\/2025\/12\/atendamos-al-glaucoma.jpeg\",\"contentUrl\":\"https:\/\/www.institutmacula.com\/wp-content\/uploads\/2025\/12\/atendamos-al-glaucoma.jpeg\",\"width\":1200,\"height\":769},{\"@type\":\"BreadcrumbList\",\"@id\":\"https:\/\/www.institutmacula.com\/es\/glaucoma-diagnostico-precoz-cribado-familiar\/#breadcrumb\",\"itemListElement\":[{\"@type\":\"ListItem\",\"position\":1,\"name\":\"Inici\",\"item\":\"https:\/\/www.institutmacula.com\/es\/\"},{\"@type\":\"ListItem\",\"position\":2,\"name\":\"Atendamos al glaucoma: Jornada para vuestros familiares\"}]},{\"@type\":\"WebSite\",\"@id\":\"https:\/\/www.institutmacula.com\/es\/#website\",\"url\":\"https:\/\/www.institutmacula.com\/es\/\",\"name\":\"Institut de la M\u00e0cula\",\"description\":\"Innovating Eye Care\",\"publisher\":{\"@id\":\"https:\/\/www.institutmacula.com\/es\/#organization\"},\"potentialAction\":[{\"@type\":\"SearchAction\",\"target\":{\"@type\":\"EntryPoint\",\"urlTemplate\":\"https:\/\/www.institutmacula.com\/es\/?s={search_term_string}\"},\"query-input\":{\"@type\":\"PropertyValueSpecification\",\"valueRequired\":true,\"valueName\":\"search_term_string\"}}],\"inLanguage\":\"es\"},{\"@type\":\"Organization\",\"@id\":\"https:\/\/www.institutmacula.com\/es\/#organization\",\"name\":\"Institut de la M\u00e0cula\",\"url\":\"https:\/\/www.institutmacula.com\/es\/\",\"logo\":{\"@type\":\"ImageObject\",\"inLanguage\":\"es\",\"@id\":\"https:\/\/www.institutmacula.com\/es\/#\/schema\/logo\/image\/\",\"url\":\"https:\/\/www.institutmacula.com\/wp-content\/uploads\/2024\/02\/logo-Institut-de-la-Macula-24.png\",\"contentUrl\":\"https:\/\/www.institutmacula.com\/wp-content\/uploads\/2024\/02\/logo-Institut-de-la-Macula-24.png\",\"width\":300,\"height\":120,\"caption\":\"Institut de la M\u00e0cula\"},\"image\":{\"@id\":\"https:\/\/www.institutmacula.com\/es\/#\/schema\/logo\/image\/\"}},{\"@type\":\"Person\",\"@id\":\"https:\/\/www.institutmacula.com\/es\/#\/schema\/person\/a686371d69fa87f058071b9d5a952536\",\"name\":\"mllibre\"}]}<\/script>\n<!-- \/ Yoast SEO plugin. -->","yoast_head_json":{"title":"Glaucoma: Cribado Familiar Gratuito | Institut de la M\u00e0cula","description":"Jornada especial de diagn\u00f3stico precoz de glaucoma para familiares. La enfermedad es hereditaria, \u00a1las probabilidades se multiplican por 10! Pide tu cita.","robots":{"index":"index","follow":"follow","max-snippet":"max-snippet:-1","max-image-preview":"max-image-preview:large","max-video-preview":"max-video-preview:-1"},"canonical":"https:\/\/www.institutmacula.com\/es\/glaucoma-diagnostico-precoz-cribado-familiar\/","og_locale":"es_ES","og_type":"article","og_title":"Glaucoma: Cribado Familiar Gratuito | Institut de la M\u00e0cula","og_description":"Jornada especial de diagn\u00f3stico precoz de glaucoma para familiares. La enfermedad es hereditaria, \u00a1las probabilidades se multiplican por 10! Pide tu cita.","og_url":"https:\/\/www.institutmacula.com\/es\/glaucoma-diagnostico-precoz-cribado-familiar\/","og_site_name":"Institut de la M\u00e0cula","article_published_time":"2024-02-07T10:11:00+00:00","article_modified_time":"2025-12-10T10:17:45+00:00","og_image":[{"width":1200,"height":769,"url":"https:\/\/www.institutmacula.com\/wp-content\/uploads\/2025\/12\/atendamos-al-glaucoma.jpeg","type":"image\/jpeg"}],"author":"mllibre","twitter_card":"summary_large_image","twitter_misc":{"Escrito por":"mllibre","Tiempo de lectura":"2 minutos"},"schema":{"@context":"https:\/\/schema.org","@graph":[{"@type":"Article","@id":"https:\/\/www.institutmacula.com\/es\/glaucoma-diagnostico-precoz-cribado-familiar\/#article","isPartOf":{"@id":"https:\/\/www.institutmacula.com\/es\/glaucoma-diagnostico-precoz-cribado-familiar\/"},"author":{"name":"mllibre","@id":"https:\/\/www.institutmacula.com\/es\/#\/schema\/person\/a686371d69fa87f058071b9d5a952536"},"headline":"Atendamos al glaucoma: Jornada para vuestros familiares","datePublished":"2024-02-07T10:11:00+00:00","dateModified":"2025-12-10T10:17:45+00:00","mainEntityOfPage":{"@id":"https:\/\/www.institutmacula.com\/es\/glaucoma-diagnostico-precoz-cribado-familiar\/"},"wordCount":300,"publisher":{"@id":"https:\/\/www.institutmacula.com\/es\/#organization"},"image":{"@id":"https:\/\/www.institutmacula.com\/es\/glaucoma-diagnostico-precoz-cribado-familiar\/#primaryimage"},"thumbnailUrl":"https:\/\/www.institutmacula.com\/wp-content\/uploads\/2025\/12\/atendamos-al-glaucoma.jpeg","articleSection":["Noticias"],"inLanguage":"es"},{"@type":"WebPage","@id":"https:\/\/www.institutmacula.com\/es\/glaucoma-diagnostico-precoz-cribado-familiar\/","url":"https:\/\/www.institutmacula.com\/es\/glaucoma-diagnostico-precoz-cribado-familiar\/","name":"Glaucoma: Cribado Familiar Gratuito | Institut de la M\u00e0cula","isPartOf":{"@id":"https:\/\/www.institutmacula.com\/es\/#website"},"primaryImageOfPage":{"@id":"https:\/\/www.institutmacula.com\/es\/glaucoma-diagnostico-precoz-cribado-familiar\/#primaryimage"},"image":{"@id":"https:\/\/www.institutmacula.com\/es\/glaucoma-diagnostico-precoz-cribado-familiar\/#primaryimage"},"thumbnailUrl":"https:\/\/www.institutmacula.com\/wp-content\/uploads\/2025\/12\/atendamos-al-glaucoma.jpeg","datePublished":"2024-02-07T10:11:00+00:00","dateModified":"2025-12-10T10:17:45+00:00","description":"Jornada especial de diagn\u00f3stico precoz de glaucoma para familiares. La enfermedad es hereditaria, \u00a1las probabilidades se multiplican por 10! Pide tu cita.","breadcrumb":{"@id":"https:\/\/www.institutmacula.com\/es\/glaucoma-diagnostico-precoz-cribado-familiar\/#breadcrumb"},"inLanguage":"es","potentialAction":[{"@type":"ReadAction","target":["https:\/\/www.institutmacula.com\/es\/glaucoma-diagnostico-precoz-cribado-familiar\/"]}]},{"@type":"ImageObject","inLanguage":"es","@id":"https:\/\/www.institutmacula.com\/es\/glaucoma-diagnostico-precoz-cribado-familiar\/#primaryimage","url":"https:\/\/www.institutmacula.com\/wp-content\/uploads\/2025\/12\/atendamos-al-glaucoma.jpeg","contentUrl":"https:\/\/www.institutmacula.com\/wp-content\/uploads\/2025\/12\/atendamos-al-glaucoma.jpeg","width":1200,"height":769},{"@type":"BreadcrumbList","@id":"https:\/\/www.institutmacula.com\/es\/glaucoma-diagnostico-precoz-cribado-familiar\/#breadcrumb","itemListElement":[{"@type":"ListItem","position":1,"name":"Inici","item":"https:\/\/www.institutmacula.com\/es\/"},{"@type":"ListItem","position":2,"name":"Atendamos al glaucoma: Jornada para vuestros familiares"}]},{"@type":"WebSite","@id":"https:\/\/www.institutmacula.com\/es\/#website","url":"https:\/\/www.institutmacula.com\/es\/","name":"Institut de la M\u00e0cula","description":"Innovating Eye Care","publisher":{"@id":"https:\/\/www.institutmacula.com\/es\/#organization"},"potentialAction":[{"@type":"SearchAction","target":{"@type":"EntryPoint","urlTemplate":"https:\/\/www.institutmacula.com\/es\/?s={search_term_string}"},"query-input":{"@type":"PropertyValueSpecification","valueRequired":true,"valueName":"search_term_string"}}],"inLanguage":"es"},{"@type":"Organization","@id":"https:\/\/www.institutmacula.com\/es\/#organization","name":"Institut de la M\u00e0cula","url":"https:\/\/www.institutmacula.com\/es\/","logo":{"@type":"ImageObject","inLanguage":"es","@id":"https:\/\/www.institutmacula.com\/es\/#\/schema\/logo\/image\/","url":"https:\/\/www.institutmacula.com\/wp-content\/uploads\/2024\/02\/logo-Institut-de-la-Macula-24.png","contentUrl":"https:\/\/www.institutmacula.com\/wp-content\/uploads\/2024\/02\/logo-Institut-de-la-Macula-24.png","width":300,"height":120,"caption":"Institut de la M\u00e0cula"},"image":{"@id":"https:\/\/www.institutmacula.com\/es\/#\/schema\/logo\/image\/"}},{"@type":"Person","@id":"https:\/\/www.institutmacula.com\/es\/#\/schema\/person\/a686371d69fa87f058071b9d5a952536","name":"mllibre"}]}},"_links":{"self":[{"href":"https:\/\/www.institutmacula.com\/es\/wp-json\/wp\/v2\/posts\/8223","targetHints":{"allow":["GET"]}}],"collection":[{"href":"https:\/\/www.institutmacula.com\/es\/wp-json\/wp\/v2\/posts"}],"about":[{"href":"https:\/\/www.institutmacula.com\/es\/wp-json\/wp\/v2\/types\/post"}],"author":[{"embeddable":true,"href":"https:\/\/www.institutmacula.com\/es\/wp-json\/wp\/v2\/users\/1"}],"replies":[{"embeddable":true,"href":"https:\/\/www.institutmacula.com\/es\/wp-json\/wp\/v2\/comments?post=8223"}],"version-history":[{"count":1,"href":"https:\/\/www.institutmacula.com\/es\/wp-json\/wp\/v2\/posts\/8223\/revisions"}],"predecessor-version":[{"id":8227,"href":"https:\/\/www.institutmacula.com\/es\/wp-json\/wp\/v2\/posts\/8223\/revisions\/8227"}],"wp:featuredmedia":[{"embeddable":true,"href":"https:\/\/www.institutmacula.com\/es\/wp-json\/wp\/v2\/media\/8224"}],"wp:attachment":[{"href":"https:\/\/www.institutmacula.com\/es\/wp-json\/wp\/v2\/media?parent=8223"}],"wp:term":[{"taxonomy":"category","embeddable":true,"href":"https:\/\/www.institutmacula.com\/es\/wp-json\/wp\/v2\/categories?post=8223"},{"taxonomy":"post_tag","embeddable":true,"href":"https:\/\/www.institutmacula.com\/es\/wp-json\/wp\/v2\/tags?post=8223"}],"curies":[{"name":"wp","href":"https:\/\/api.w.org\/{rel}","templated":true}]}}