{"id":8238,"date":"2024-05-17T12:26:00","date_gmt":"2024-05-17T10:26:00","guid":{"rendered":"https:\/\/www.institutmacula.com\/?p=8238"},"modified":"2025-12-10T12:41:04","modified_gmt":"2025-12-10T11:41:04","slug":"medicina-estetica-facial-dra-herranz","status":"publish","type":"post","link":"https:\/\/www.institutmacula.com\/es\/medicina-estetica-facial-dra-herranz\/","title":{"rendered":"Medicina Est\u00e9tica Facial en el Institut de la M\u00e1cula"},"content":{"rendered":"\n<p class=\"has-ast-global-color-8-color has-text-color has-link-color wp-elements-ba4e904955827bb05d11e3514e1b5ebe\"><a href=\"https:\/\/www.institutmacula.com\/patologia\/medicina-estetica-facial\/\"><strong>Mir\u00e9monos a los ojos<\/strong><br>La mirada no solo es indispensable para la comunicaci\u00f3n y la transmisi\u00f3n de las emociones. Tambi\u00e9n puede ser un indicador del estilo de vida y del estado de la salud de la persona. La cirug\u00eda puede ser el tratamiento \u00f3ptimo para algunas alteraciones, como las bolsas o el exceso de piel \u2014dermatocalasia. Con todo, hay otras afecciones qu<\/a>e se pueden tratar en la consulta, de manera ambulatoria, con tratamientos poco o nada invasivos.<\/p>\n\n\n\n<p class=\"has-ast-global-color-8-color has-text-color has-link-color wp-elements-f864e41d1097257ac69e540d2711ed2c\"><a href=\"https:\/\/www.institutmacula.com\/patologia\/medicina-estetica-facial\/\"><strong>Ojeras<\/strong><br>Las alteraciones en la coloraci\u00f3n de la piel por debajo de los p\u00e1rpados inferiores, conocidas popularmente como ojeras, pueden causarlas\u00a0cambios pigmentarios, cambios vasculares o una combinaci\u00f3n de ambas circunstancias. En funci\u00f3n de la causa, las ojeras se pueden tratar con<strong>\u00a0peelings espec\u00edficos<\/strong>\u00a0para disminuir la pigmentaci\u00f3n,\u00a0<strong>rellenos d\u00e9rmicos<\/strong>\u00a0como el \u00e1cido hialur\u00f3nico, para disminuir las ojeras vasculares, o\u00a0<strong>estimuladores de la producci\u00f3n de col\u00e1geno<\/strong>, si la causa de las ojeras es mixta. Otra opci\u00f3n de tratamiento es la luz pulsada intensa (IPL), que, adem\u00e1s, mejora los s\u00edntomas del ojo seco y la blefaritis \u2014inflamaci\u00f3n palpebral.<\/a><\/p>\n\n\n\n<p class=\"has-ast-global-color-8-color has-text-color has-link-color wp-elements-0dd385199f487780ef6a799d718c217a\"><a href=\"https:\/\/www.institutmacula.com\/patologia\/medicina-estetica-facial\/\"><strong>Envejecimiento de la mirada: prevenci\u00f3n y tratamiento<\/strong><br>Para el tratamiento del tercio superior facial\u00a0aplicamos f\u00e1rmacos que provocan un efecto tensor y permiten disminuir las arrugas de la piel que se forman con la expresi\u00f3n facial, tambi\u00e9n llamadas<strong>\u00a0arrugas din\u00e1micas<\/strong>. Asimismo, se pueden hacer aplicaciones con dosis m\u00e1s bajas, llamadas\u00a0<em>tratamientos baby<\/em>, con el objetivo de prevenir la formaci\u00f3n de arrugas est\u00e1ticas, que son aquellas que persisten, independientemente de la contracci\u00f3n muscular facial al expresarnos.\u00a0Una vez instaurada la arruga, por ejemplo, en las arrugas perioculares o\u00a0<strong>patas de gallo<\/strong>, se pueden aplicar tratamientos de redensificaci\u00f3n con\u00a0<strong>estimuladores del col\u00e1geno end\u00f3geno<\/strong>\u00a0o una voluminizaci\u00f3n de la piel con\u00a0<strong>\u00e1cido hialur\u00f3nico<\/strong>. Los estimuladores de la producci\u00f3n de col\u00e1geno end\u00f3geno son tratamientos pensados para estimular el aumento espont\u00e1neo y de forma localizada la producci\u00f3n de tejido conectivo. Esto mejora los efectos de la edad, como la flaccidez o la p\u00e9rdida de densidad de la piel, de manera que, adem\u00e1s, se aporta una hidrataci\u00f3n intensa. En este sentido, destaca el plasma rico en plaquetas, un\u00a0<strong>estimulador del col\u00e1geno end\u00f3geno basado en factores de crecimiento<\/strong>\u00a0extra\u00eddos de la sangre del propio paciente.<br>El \u00e1cido hialur\u00f3nico es el relleno d\u00e9rmico por excelencia. Esto es as\u00ed por varios factores: se tolera muy bien, tiene un potencial alerg\u00e9nico bajo y se dispone de un ant\u00eddoto, la enzima hialuronidasa. Se puede utilizar para incrementar el volumen o la proyecci\u00f3n de una zona concreta, pero tambi\u00e9n para tratamientos de hidrataci\u00f3n.<\/a><\/p>\n\n\n\n<p><\/p>\n","protected":false},"excerpt":{"rendered":"<p>Mir\u00e9monos a los ojosLa mirada no solo es indispensable para la comunicaci\u00f3n y la transmisi\u00f3n de las emociones. Tambi\u00e9n puede ser un indicador del estilo de vida y del estado de la salud de la persona. La cirug\u00eda puede ser el tratamiento \u00f3ptimo para algunas alteraciones, como las bolsas o el exceso de piel \u2014dermatocalasia. [&hellip;]<\/p>\n","protected":false},"author":1,"featured_media":8239,"comment_status":"closed","ping_status":"closed","sticky":false,"template":"","format":"standard","meta":{"_acf_changed":false,"site-sidebar-layout":"default","site-content-layout":"","ast-site-content-layout":"default","site-content-style":"default","site-sidebar-style":"default","ast-global-header-display":"","ast-banner-title-visibility":"","ast-main-header-display":"","ast-hfb-above-header-display":"","ast-hfb-below-header-display":"","ast-hfb-mobile-header-display":"","site-post-title":"","ast-breadcrumbs-content":"","ast-featured-img":"","footer-sml-layout":"","ast-disable-related-posts":"","theme-transparent-header-meta":"","adv-header-id-meta":"","stick-header-meta":"","header-above-stick-meta":"","header-main-stick-meta":"","header-below-stick-meta":"","astra-migrate-meta-layouts":"set","ast-page-background-enabled":"default","ast-page-background-meta":{"desktop":{"background-color":"var(--ast-global-color-4)","background-image":"","background-repeat":"repeat","background-position":"center center","background-size":"auto","background-attachment":"scroll","background-type":"","background-media":"","overlay-type":"","overlay-color":"","overlay-opacity":"","overlay-gradient":""},"tablet":{"background-color":"","background-image":"","background-repeat":"repeat","background-position":"center center","background-size":"auto","background-attachment":"scroll","background-type":"","background-media":"","overlay-type":"","overlay-color":"","overlay-opacity":"","overlay-gradient":""},"mobile":{"background-color":"","background-image":"","background-repeat":"repeat","background-position":"center center","background-size":"auto","background-attachment":"scroll","background-type":"","background-media":"","overlay-type":"","overlay-color":"","overlay-opacity":"","overlay-gradient":""}},"ast-content-background-meta":{"desktop":{"background-color":"var(--ast-global-color-5)","background-image":"","background-repeat":"repeat","background-position":"center center","background-size":"auto","background-attachment":"scroll","background-type":"","background-media":"","overlay-type":"","overlay-color":"","overlay-opacity":"","overlay-gradient":""},"tablet":{"background-color":"var(--ast-global-color-5)","background-image":"","background-repeat":"repeat","background-position":"center center","background-size":"auto","background-attachment":"scroll","background-type":"","background-media":"","overlay-type":"","overlay-color":"","overlay-opacity":"","overlay-gradient":""},"mobile":{"background-color":"var(--ast-global-color-5)","background-image":"","background-repeat":"repeat","background-position":"center center","background-size":"auto","background-attachment":"scroll","background-type":"","background-media":"","overlay-type":"","overlay-color":"","overlay-opacity":"","overlay-gradient":""}},"footnotes":""},"categories":[33],"tags":[],"class_list":["post-8238","post","type-post","status-publish","format-standard","has-post-thumbnail","hentry","category-noticias"],"acf":[],"yoast_head":"<!-- This site is optimized with the Yoast SEO plugin v26.9 - https:\/\/yoast.com\/product\/yoast-seo-wordpress\/ -->\n<title>Medicina Est\u00e9tica Facial - Dra. Herranz | Institut de la M\u00e0cula<\/title>\n<meta name=\"description\" content=\"Unidad de Medicina Est\u00e9tica Facial y Periocular en Institut de la M\u00e1cula con la Dra. Alejandra Herranz. Tratamientos para ojeras, arrugas, flacidez y m\u00e1s.\" \/>\n<meta name=\"robots\" content=\"index, follow, max-snippet:-1, max-image-preview:large, max-video-preview:-1\" \/>\n<link rel=\"canonical\" href=\"https:\/\/www.institutmacula.com\/es\/medicina-estetica-facial-dra-herranz\/\" \/>\n<meta property=\"og:locale\" content=\"es_ES\" \/>\n<meta property=\"og:type\" content=\"article\" \/>\n<meta property=\"og:title\" content=\"Medicina Est\u00e9tica Facial - Dra. Herranz | Institut de la M\u00e0cula\" \/>\n<meta property=\"og:description\" content=\"Unidad de Medicina Est\u00e9tica Facial y Periocular en Institut de la M\u00e1cula con la Dra. Alejandra Herranz. Tratamientos para ojeras, arrugas, flacidez y m\u00e1s.\" \/>\n<meta property=\"og:url\" content=\"https:\/\/www.institutmacula.com\/es\/medicina-estetica-facial-dra-herranz\/\" \/>\n<meta property=\"og:site_name\" content=\"Institut de la M\u00e0cula\" \/>\n<meta property=\"article:published_time\" content=\"2024-05-17T10:26:00+00:00\" \/>\n<meta property=\"article:modified_time\" content=\"2025-12-10T11:41:04+00:00\" \/>\n<meta property=\"og:image\" content=\"https:\/\/www.institutmacula.com\/wp-content\/uploads\/2025\/12\/medicina-estetica-facial-dra-herranz.jpeg\" \/>\n\t<meta property=\"og:image:width\" content=\"543\" \/>\n\t<meta property=\"og:image:height\" content=\"361\" \/>\n\t<meta property=\"og:image:type\" content=\"image\/jpeg\" \/>\n<meta name=\"author\" content=\"mllibre\" \/>\n<meta name=\"twitter:card\" content=\"summary_large_image\" \/>\n<meta name=\"twitter:label1\" content=\"Escrito por\" \/>\n\t<meta name=\"twitter:data1\" content=\"mllibre\" \/>\n\t<meta name=\"twitter:label2\" content=\"Tiempo de lectura\" \/>\n\t<meta name=\"twitter:data2\" content=\"3 minutos\" \/>\n<script type=\"application\/ld+json\" class=\"yoast-schema-graph\">{\"@context\":\"https:\/\/schema.org\",\"@graph\":[{\"@type\":\"Article\",\"@id\":\"https:\/\/www.institutmacula.com\/es\/medicina-estetica-facial-dra-herranz\/#article\",\"isPartOf\":{\"@id\":\"https:\/\/www.institutmacula.com\/es\/medicina-estetica-facial-dra-herranz\/\"},\"author\":{\"name\":\"mllibre\",\"@id\":\"https:\/\/www.institutmacula.com\/es\/#\/schema\/person\/a686371d69fa87f058071b9d5a952536\"},\"headline\":\"Medicina Est\u00e9tica Facial en el Institut de la M\u00e1cula\",\"datePublished\":\"2024-05-17T10:26:00+00:00\",\"dateModified\":\"2025-12-10T11:41:04+00:00\",\"mainEntityOfPage\":{\"@id\":\"https:\/\/www.institutmacula.com\/es\/medicina-estetica-facial-dra-herranz\/\"},\"wordCount\":477,\"publisher\":{\"@id\":\"https:\/\/www.institutmacula.com\/es\/#organization\"},\"image\":{\"@id\":\"https:\/\/www.institutmacula.com\/es\/medicina-estetica-facial-dra-herranz\/#primaryimage\"},\"thumbnailUrl\":\"https:\/\/www.institutmacula.com\/wp-content\/uploads\/2025\/12\/medicina-estetica-facial-dra-herranz.jpeg\",\"articleSection\":[\"Noticias\"],\"inLanguage\":\"es\"},{\"@type\":\"WebPage\",\"@id\":\"https:\/\/www.institutmacula.com\/es\/medicina-estetica-facial-dra-herranz\/\",\"url\":\"https:\/\/www.institutmacula.com\/es\/medicina-estetica-facial-dra-herranz\/\",\"name\":\"Medicina Est\u00e9tica Facial - Dra. Herranz | Institut de la M\u00e0cula\",\"isPartOf\":{\"@id\":\"https:\/\/www.institutmacula.com\/es\/#website\"},\"primaryImageOfPage\":{\"@id\":\"https:\/\/www.institutmacula.com\/es\/medicina-estetica-facial-dra-herranz\/#primaryimage\"},\"image\":{\"@id\":\"https:\/\/www.institutmacula.com\/es\/medicina-estetica-facial-dra-herranz\/#primaryimage\"},\"thumbnailUrl\":\"https:\/\/www.institutmacula.com\/wp-content\/uploads\/2025\/12\/medicina-estetica-facial-dra-herranz.jpeg\",\"datePublished\":\"2024-05-17T10:26:00+00:00\",\"dateModified\":\"2025-12-10T11:41:04+00:00\",\"description\":\"Unidad de Medicina Est\u00e9tica Facial y Periocular en Institut de la M\u00e1cula con la Dra. Alejandra Herranz. Tratamientos para ojeras, arrugas, flacidez y m\u00e1s.\",\"breadcrumb\":{\"@id\":\"https:\/\/www.institutmacula.com\/es\/medicina-estetica-facial-dra-herranz\/#breadcrumb\"},\"inLanguage\":\"es\",\"potentialAction\":[{\"@type\":\"ReadAction\",\"target\":[\"https:\/\/www.institutmacula.com\/es\/medicina-estetica-facial-dra-herranz\/\"]}]},{\"@type\":\"ImageObject\",\"inLanguage\":\"es\",\"@id\":\"https:\/\/www.institutmacula.com\/es\/medicina-estetica-facial-dra-herranz\/#primaryimage\",\"url\":\"https:\/\/www.institutmacula.com\/wp-content\/uploads\/2025\/12\/medicina-estetica-facial-dra-herranz.jpeg\",\"contentUrl\":\"https:\/\/www.institutmacula.com\/wp-content\/uploads\/2025\/12\/medicina-estetica-facial-dra-herranz.jpeg\",\"width\":543,\"height\":361},{\"@type\":\"BreadcrumbList\",\"@id\":\"https:\/\/www.institutmacula.com\/es\/medicina-estetica-facial-dra-herranz\/#breadcrumb\",\"itemListElement\":[{\"@type\":\"ListItem\",\"position\":1,\"name\":\"Inici\",\"item\":\"https:\/\/www.institutmacula.com\/es\/\"},{\"@type\":\"ListItem\",\"position\":2,\"name\":\"Medicina Est\u00e9tica Facial en el Institut de la M\u00e1cula\"}]},{\"@type\":\"WebSite\",\"@id\":\"https:\/\/www.institutmacula.com\/es\/#website\",\"url\":\"https:\/\/www.institutmacula.com\/es\/\",\"name\":\"Institut de la M\u00e0cula\",\"description\":\"Innovating Eye Care\",\"publisher\":{\"@id\":\"https:\/\/www.institutmacula.com\/es\/#organization\"},\"potentialAction\":[{\"@type\":\"SearchAction\",\"target\":{\"@type\":\"EntryPoint\",\"urlTemplate\":\"https:\/\/www.institutmacula.com\/es\/?s={search_term_string}\"},\"query-input\":{\"@type\":\"PropertyValueSpecification\",\"valueRequired\":true,\"valueName\":\"search_term_string\"}}],\"inLanguage\":\"es\"},{\"@type\":\"Organization\",\"@id\":\"https:\/\/www.institutmacula.com\/es\/#organization\",\"name\":\"Institut de la M\u00e0cula\",\"url\":\"https:\/\/www.institutmacula.com\/es\/\",\"logo\":{\"@type\":\"ImageObject\",\"inLanguage\":\"es\",\"@id\":\"https:\/\/www.institutmacula.com\/es\/#\/schema\/logo\/image\/\",\"url\":\"https:\/\/www.institutmacula.com\/wp-content\/uploads\/2024\/02\/logo-Institut-de-la-Macula-24.png\",\"contentUrl\":\"https:\/\/www.institutmacula.com\/wp-content\/uploads\/2024\/02\/logo-Institut-de-la-Macula-24.png\",\"width\":300,\"height\":120,\"caption\":\"Institut de la M\u00e0cula\"},\"image\":{\"@id\":\"https:\/\/www.institutmacula.com\/es\/#\/schema\/logo\/image\/\"}},{\"@type\":\"Person\",\"@id\":\"https:\/\/www.institutmacula.com\/es\/#\/schema\/person\/a686371d69fa87f058071b9d5a952536\",\"name\":\"mllibre\"}]}<\/script>\n<!-- \/ Yoast SEO plugin. -->","yoast_head_json":{"title":"Medicina Est\u00e9tica Facial - Dra. Herranz | Institut de la M\u00e0cula","description":"Unidad de Medicina Est\u00e9tica Facial y Periocular en Institut de la M\u00e1cula con la Dra. Alejandra Herranz. Tratamientos para ojeras, arrugas, flacidez y m\u00e1s.","robots":{"index":"index","follow":"follow","max-snippet":"max-snippet:-1","max-image-preview":"max-image-preview:large","max-video-preview":"max-video-preview:-1"},"canonical":"https:\/\/www.institutmacula.com\/es\/medicina-estetica-facial-dra-herranz\/","og_locale":"es_ES","og_type":"article","og_title":"Medicina Est\u00e9tica Facial - Dra. Herranz | Institut de la M\u00e0cula","og_description":"Unidad de Medicina Est\u00e9tica Facial y Periocular en Institut de la M\u00e1cula con la Dra. Alejandra Herranz. Tratamientos para ojeras, arrugas, flacidez y m\u00e1s.","og_url":"https:\/\/www.institutmacula.com\/es\/medicina-estetica-facial-dra-herranz\/","og_site_name":"Institut de la M\u00e0cula","article_published_time":"2024-05-17T10:26:00+00:00","article_modified_time":"2025-12-10T11:41:04+00:00","og_image":[{"width":543,"height":361,"url":"https:\/\/www.institutmacula.com\/wp-content\/uploads\/2025\/12\/medicina-estetica-facial-dra-herranz.jpeg","type":"image\/jpeg"}],"author":"mllibre","twitter_card":"summary_large_image","twitter_misc":{"Escrito por":"mllibre","Tiempo de lectura":"3 minutos"},"schema":{"@context":"https:\/\/schema.org","@graph":[{"@type":"Article","@id":"https:\/\/www.institutmacula.com\/es\/medicina-estetica-facial-dra-herranz\/#article","isPartOf":{"@id":"https:\/\/www.institutmacula.com\/es\/medicina-estetica-facial-dra-herranz\/"},"author":{"name":"mllibre","@id":"https:\/\/www.institutmacula.com\/es\/#\/schema\/person\/a686371d69fa87f058071b9d5a952536"},"headline":"Medicina Est\u00e9tica Facial en el Institut de la M\u00e1cula","datePublished":"2024-05-17T10:26:00+00:00","dateModified":"2025-12-10T11:41:04+00:00","mainEntityOfPage":{"@id":"https:\/\/www.institutmacula.com\/es\/medicina-estetica-facial-dra-herranz\/"},"wordCount":477,"publisher":{"@id":"https:\/\/www.institutmacula.com\/es\/#organization"},"image":{"@id":"https:\/\/www.institutmacula.com\/es\/medicina-estetica-facial-dra-herranz\/#primaryimage"},"thumbnailUrl":"https:\/\/www.institutmacula.com\/wp-content\/uploads\/2025\/12\/medicina-estetica-facial-dra-herranz.jpeg","articleSection":["Noticias"],"inLanguage":"es"},{"@type":"WebPage","@id":"https:\/\/www.institutmacula.com\/es\/medicina-estetica-facial-dra-herranz\/","url":"https:\/\/www.institutmacula.com\/es\/medicina-estetica-facial-dra-herranz\/","name":"Medicina Est\u00e9tica Facial - Dra. Herranz | Institut de la M\u00e0cula","isPartOf":{"@id":"https:\/\/www.institutmacula.com\/es\/#website"},"primaryImageOfPage":{"@id":"https:\/\/www.institutmacula.com\/es\/medicina-estetica-facial-dra-herranz\/#primaryimage"},"image":{"@id":"https:\/\/www.institutmacula.com\/es\/medicina-estetica-facial-dra-herranz\/#primaryimage"},"thumbnailUrl":"https:\/\/www.institutmacula.com\/wp-content\/uploads\/2025\/12\/medicina-estetica-facial-dra-herranz.jpeg","datePublished":"2024-05-17T10:26:00+00:00","dateModified":"2025-12-10T11:41:04+00:00","description":"Unidad de Medicina Est\u00e9tica Facial y Periocular en Institut de la M\u00e1cula con la Dra. Alejandra Herranz. Tratamientos para ojeras, arrugas, flacidez y m\u00e1s.","breadcrumb":{"@id":"https:\/\/www.institutmacula.com\/es\/medicina-estetica-facial-dra-herranz\/#breadcrumb"},"inLanguage":"es","potentialAction":[{"@type":"ReadAction","target":["https:\/\/www.institutmacula.com\/es\/medicina-estetica-facial-dra-herranz\/"]}]},{"@type":"ImageObject","inLanguage":"es","@id":"https:\/\/www.institutmacula.com\/es\/medicina-estetica-facial-dra-herranz\/#primaryimage","url":"https:\/\/www.institutmacula.com\/wp-content\/uploads\/2025\/12\/medicina-estetica-facial-dra-herranz.jpeg","contentUrl":"https:\/\/www.institutmacula.com\/wp-content\/uploads\/2025\/12\/medicina-estetica-facial-dra-herranz.jpeg","width":543,"height":361},{"@type":"BreadcrumbList","@id":"https:\/\/www.institutmacula.com\/es\/medicina-estetica-facial-dra-herranz\/#breadcrumb","itemListElement":[{"@type":"ListItem","position":1,"name":"Inici","item":"https:\/\/www.institutmacula.com\/es\/"},{"@type":"ListItem","position":2,"name":"Medicina Est\u00e9tica Facial en el Institut de la M\u00e1cula"}]},{"@type":"WebSite","@id":"https:\/\/www.institutmacula.com\/es\/#website","url":"https:\/\/www.institutmacula.com\/es\/","name":"Institut de la M\u00e0cula","description":"Innovating Eye Care","publisher":{"@id":"https:\/\/www.institutmacula.com\/es\/#organization"},"potentialAction":[{"@type":"SearchAction","target":{"@type":"EntryPoint","urlTemplate":"https:\/\/www.institutmacula.com\/es\/?s={search_term_string}"},"query-input":{"@type":"PropertyValueSpecification","valueRequired":true,"valueName":"search_term_string"}}],"inLanguage":"es"},{"@type":"Organization","@id":"https:\/\/www.institutmacula.com\/es\/#organization","name":"Institut de la M\u00e0cula","url":"https:\/\/www.institutmacula.com\/es\/","logo":{"@type":"ImageObject","inLanguage":"es","@id":"https:\/\/www.institutmacula.com\/es\/#\/schema\/logo\/image\/","url":"https:\/\/www.institutmacula.com\/wp-content\/uploads\/2024\/02\/logo-Institut-de-la-Macula-24.png","contentUrl":"https:\/\/www.institutmacula.com\/wp-content\/uploads\/2024\/02\/logo-Institut-de-la-Macula-24.png","width":300,"height":120,"caption":"Institut de la M\u00e0cula"},"image":{"@id":"https:\/\/www.institutmacula.com\/es\/#\/schema\/logo\/image\/"}},{"@type":"Person","@id":"https:\/\/www.institutmacula.com\/es\/#\/schema\/person\/a686371d69fa87f058071b9d5a952536","name":"mllibre"}]}},"_links":{"self":[{"href":"https:\/\/www.institutmacula.com\/es\/wp-json\/wp\/v2\/posts\/8238","targetHints":{"allow":["GET"]}}],"collection":[{"href":"https:\/\/www.institutmacula.com\/es\/wp-json\/wp\/v2\/posts"}],"about":[{"href":"https:\/\/www.institutmacula.com\/es\/wp-json\/wp\/v2\/types\/post"}],"author":[{"embeddable":true,"href":"https:\/\/www.institutmacula.com\/es\/wp-json\/wp\/v2\/users\/1"}],"replies":[{"embeddable":true,"href":"https:\/\/www.institutmacula.com\/es\/wp-json\/wp\/v2\/comments?post=8238"}],"version-history":[{"count":1,"href":"https:\/\/www.institutmacula.com\/es\/wp-json\/wp\/v2\/posts\/8238\/revisions"}],"predecessor-version":[{"id":8242,"href":"https:\/\/www.institutmacula.com\/es\/wp-json\/wp\/v2\/posts\/8238\/revisions\/8242"}],"wp:featuredmedia":[{"embeddable":true,"href":"https:\/\/www.institutmacula.com\/es\/wp-json\/wp\/v2\/media\/8239"}],"wp:attachment":[{"href":"https:\/\/www.institutmacula.com\/es\/wp-json\/wp\/v2\/media?parent=8238"}],"wp:term":[{"taxonomy":"category","embeddable":true,"href":"https:\/\/www.institutmacula.com\/es\/wp-json\/wp\/v2\/categories?post=8238"},{"taxonomy":"post_tag","embeddable":true,"href":"https:\/\/www.institutmacula.com\/es\/wp-json\/wp\/v2\/tags?post=8238"}],"curies":[{"name":"wp","href":"https:\/\/api.w.org\/{rel}","templated":true}]}}