{"id":8245,"date":"2024-07-24T13:05:00","date_gmt":"2024-07-24T11:05:00","guid":{"rendered":"https:\/\/www.institutmacula.com\/?p=8245"},"modified":"2025-12-10T13:10:50","modified_gmt":"2025-12-10T12:10:50","slug":"dmae-cataratas-tratamiento-telescopio-intraocular","status":"publish","type":"post","link":"https:\/\/www.institutmacula.com\/es\/dmae-cataratas-tratamiento-telescopio-intraocular\/","title":{"rendered":"Abordaje de la DMAE y las cataratas: soluciones avanzadas"},"content":{"rendered":"\n<p>La p\u00e9rdida de visi\u00f3n es un fen\u00f3meno que puede ser causado por diversas condiciones oculares, siendo la&nbsp;<strong>degeneraci\u00f3n macular asociada a la edad<\/strong>&nbsp;(DMAE) y las&nbsp;<strong>cataratas<\/strong>&nbsp;dos de las principales causas en la poblaci\u00f3n adulta.&nbsp;<strong>Aunque ambos problemas afectan la capacidad visual, difieren en sus causas y manifestaciones<\/strong>.<\/p>\n\n\n\n<p class=\"has-ast-global-color-8-color has-text-color has-link-color wp-elements-c80c9f5eb604dadb7b75d5db514d9392\"><a href=\"https:\/\/www.institutmacula.com\/patologia\/dmae-atrofica\/\">La\u00a0<strong>degeneraci\u00f3n macular asociada a la edad\u00a0<\/strong>es una condici\u00f3n progresiva que afecta la m\u00e1cula, una peque\u00f1a \u00e1rea en la retina responsable de la visi\u00f3n central. Esta patolog\u00eda suele desarrollarse con el envejecimiento y puede llevar a una p\u00e9rdida gradual de la visi\u00f3n central, afectando la capacidad para realizar tareas que requieren detalle, como leer o reconocer rostros.<\/a><\/p>\n\n\n\n<p class=\"has-ast-global-color-8-color has-text-color has-link-color wp-elements-a31e137a0c4d487d1bcf3c6bf0feedb9\"><a href=\"https:\/\/www.institutmacula.com\/patologia\/cirurgia-de-cataractes\/\">Por otro lado, las\u00a0<strong>cataratas<\/strong>\u00a0se producen cuando el cristalino, la lente natural del ojo, se vuelve opaca. Esto afecta la capacidad del ojo para enfocar la luz en la retina, generando visi\u00f3n borrosa. Las cataratas son m\u00e1s comunes en personas mayores, pero tambi\u00e9n pueden desarrollarse debido a lesiones o condiciones m\u00e9dicas.<\/a><\/p>\n\n\n\n<p><\/p>\n","protected":false},"excerpt":{"rendered":"<p>La p\u00e9rdida de visi\u00f3n es un fen\u00f3meno que puede ser causado por diversas condiciones oculares, siendo la&nbsp;degeneraci\u00f3n macular asociada a la edad&nbsp;(DMAE) y las&nbsp;cataratas&nbsp;dos de las principales causas en la poblaci\u00f3n adulta.&nbsp;Aunque ambos problemas afectan la capacidad visual, difieren en sus causas y manifestaciones. La\u00a0degeneraci\u00f3n macular asociada a la edad\u00a0es una condici\u00f3n progresiva que afecta [&hellip;]<\/p>\n","protected":false},"author":1,"featured_media":8246,"comment_status":"closed","ping_status":"closed","sticky":false,"template":"","format":"standard","meta":{"_acf_changed":false,"site-sidebar-layout":"default","site-content-layout":"","ast-site-content-layout":"default","site-content-style":"default","site-sidebar-style":"default","ast-global-header-display":"","ast-banner-title-visibility":"","ast-main-header-display":"","ast-hfb-above-header-display":"","ast-hfb-below-header-display":"","ast-hfb-mobile-header-display":"","site-post-title":"","ast-breadcrumbs-content":"","ast-featured-img":"","footer-sml-layout":"","ast-disable-related-posts":"","theme-transparent-header-meta":"","adv-header-id-meta":"","stick-header-meta":"","header-above-stick-meta":"","header-main-stick-meta":"","header-below-stick-meta":"","astra-migrate-meta-layouts":"set","ast-page-background-enabled":"default","ast-page-background-meta":{"desktop":{"background-color":"var(--ast-global-color-4)","background-image":"","background-repeat":"repeat","background-position":"center center","background-size":"auto","background-attachment":"scroll","background-type":"","background-media":"","overlay-type":"","overlay-color":"","overlay-opacity":"","overlay-gradient":""},"tablet":{"background-color":"","background-image":"","background-repeat":"repeat","background-position":"center center","background-size":"auto","background-attachment":"scroll","background-type":"","background-media":"","overlay-type":"","overlay-color":"","overlay-opacity":"","overlay-gradient":""},"mobile":{"background-color":"","background-image":"","background-repeat":"repeat","background-position":"center center","background-size":"auto","background-attachment":"scroll","background-type":"","background-media":"","overlay-type":"","overlay-color":"","overlay-opacity":"","overlay-gradient":""}},"ast-content-background-meta":{"desktop":{"background-color":"var(--ast-global-color-5)","background-image":"","background-repeat":"repeat","background-position":"center center","background-size":"auto","background-attachment":"scroll","background-type":"","background-media":"","overlay-type":"","overlay-color":"","overlay-opacity":"","overlay-gradient":""},"tablet":{"background-color":"var(--ast-global-color-5)","background-image":"","background-repeat":"repeat","background-position":"center center","background-size":"auto","background-attachment":"scroll","background-type":"","background-media":"","overlay-type":"","overlay-color":"","overlay-opacity":"","overlay-gradient":""},"mobile":{"background-color":"var(--ast-global-color-5)","background-image":"","background-repeat":"repeat","background-position":"center center","background-size":"auto","background-attachment":"scroll","background-type":"","background-media":"","overlay-type":"","overlay-color":"","overlay-opacity":"","overlay-gradient":""}},"footnotes":""},"categories":[33],"tags":[],"class_list":["post-8245","post","type-post","status-publish","format-standard","has-post-thumbnail","hentry","category-noticias"],"acf":[],"yoast_head":"<!-- This site is optimized with the Yoast SEO plugin v26.9 - https:\/\/yoast.com\/product\/yoast-seo-wordpress\/ -->\n<title>DMAE y Cataratas: Tratamiento Combinado | Institut de la M\u00e0cula<\/title>\n<meta name=\"description\" content=\"Abordaje experto y nuevas tecnolog\u00edas para pacientes con DMAE que desarrollan cataratas. Implantes y lentes intraoculares para mejorar la visi\u00f3n.\" \/>\n<meta name=\"robots\" content=\"index, follow, max-snippet:-1, max-image-preview:large, max-video-preview:-1\" \/>\n<link rel=\"canonical\" href=\"https:\/\/www.institutmacula.com\/es\/dmae-cataratas-tratamiento-telescopio-intraocular\/\" \/>\n<meta property=\"og:locale\" content=\"es_ES\" \/>\n<meta property=\"og:type\" content=\"article\" \/>\n<meta property=\"og:title\" content=\"DMAE y Cataratas: Tratamiento Combinado | Institut de la M\u00e0cula\" \/>\n<meta property=\"og:description\" content=\"Abordaje experto y nuevas tecnolog\u00edas para pacientes con DMAE que desarrollan cataratas. Implantes y lentes intraoculares para mejorar la visi\u00f3n.\" \/>\n<meta property=\"og:url\" content=\"https:\/\/www.institutmacula.com\/es\/dmae-cataratas-tratamiento-telescopio-intraocular\/\" \/>\n<meta property=\"og:site_name\" content=\"Institut de la M\u00e0cula\" \/>\n<meta property=\"article:published_time\" content=\"2024-07-24T11:05:00+00:00\" \/>\n<meta property=\"article:modified_time\" content=\"2025-12-10T12:10:50+00:00\" \/>\n<meta property=\"og:image\" content=\"https:\/\/www.institutmacula.com\/wp-content\/uploads\/2025\/12\/abordajes-de-la-dmae-y-las-cataratas.jpeg\" \/>\n\t<meta property=\"og:image:width\" content=\"1200\" \/>\n\t<meta property=\"og:image:height\" content=\"675\" \/>\n\t<meta property=\"og:image:type\" content=\"image\/jpeg\" \/>\n<meta name=\"author\" content=\"mllibre\" \/>\n<meta name=\"twitter:card\" content=\"summary_large_image\" \/>\n<meta name=\"twitter:label1\" content=\"Escrito por\" \/>\n\t<meta name=\"twitter:data1\" content=\"mllibre\" \/>\n\t<meta name=\"twitter:label2\" content=\"Tiempo de lectura\" \/>\n\t<meta name=\"twitter:data2\" content=\"2 minutos\" \/>\n<script type=\"application\/ld+json\" class=\"yoast-schema-graph\">{\"@context\":\"https:\/\/schema.org\",\"@graph\":[{\"@type\":\"Article\",\"@id\":\"https:\/\/www.institutmacula.com\/es\/dmae-cataratas-tratamiento-telescopio-intraocular\/#article\",\"isPartOf\":{\"@id\":\"https:\/\/www.institutmacula.com\/es\/dmae-cataratas-tratamiento-telescopio-intraocular\/\"},\"author\":{\"name\":\"mllibre\",\"@id\":\"https:\/\/www.institutmacula.com\/es\/#\/schema\/person\/a686371d69fa87f058071b9d5a952536\"},\"headline\":\"Abordaje de la DMAE y las cataratas: soluciones avanzadas\",\"datePublished\":\"2024-07-24T11:05:00+00:00\",\"dateModified\":\"2025-12-10T12:10:50+00:00\",\"mainEntityOfPage\":{\"@id\":\"https:\/\/www.institutmacula.com\/es\/dmae-cataratas-tratamiento-telescopio-intraocular\/\"},\"wordCount\":190,\"publisher\":{\"@id\":\"https:\/\/www.institutmacula.com\/es\/#organization\"},\"image\":{\"@id\":\"https:\/\/www.institutmacula.com\/es\/dmae-cataratas-tratamiento-telescopio-intraocular\/#primaryimage\"},\"thumbnailUrl\":\"https:\/\/www.institutmacula.com\/wp-content\/uploads\/2025\/12\/abordajes-de-la-dmae-y-las-cataratas.jpeg\",\"articleSection\":[\"Noticias\"],\"inLanguage\":\"es\"},{\"@type\":\"WebPage\",\"@id\":\"https:\/\/www.institutmacula.com\/es\/dmae-cataratas-tratamiento-telescopio-intraocular\/\",\"url\":\"https:\/\/www.institutmacula.com\/es\/dmae-cataratas-tratamiento-telescopio-intraocular\/\",\"name\":\"DMAE y Cataratas: Tratamiento Combinado | Institut de la M\u00e0cula\",\"isPartOf\":{\"@id\":\"https:\/\/www.institutmacula.com\/es\/#website\"},\"primaryImageOfPage\":{\"@id\":\"https:\/\/www.institutmacula.com\/es\/dmae-cataratas-tratamiento-telescopio-intraocular\/#primaryimage\"},\"image\":{\"@id\":\"https:\/\/www.institutmacula.com\/es\/dmae-cataratas-tratamiento-telescopio-intraocular\/#primaryimage\"},\"thumbnailUrl\":\"https:\/\/www.institutmacula.com\/wp-content\/uploads\/2025\/12\/abordajes-de-la-dmae-y-las-cataratas.jpeg\",\"datePublished\":\"2024-07-24T11:05:00+00:00\",\"dateModified\":\"2025-12-10T12:10:50+00:00\",\"description\":\"Abordaje experto y nuevas tecnolog\u00edas para pacientes con DMAE que desarrollan cataratas. Implantes y lentes intraoculares para mejorar la visi\u00f3n.\",\"breadcrumb\":{\"@id\":\"https:\/\/www.institutmacula.com\/es\/dmae-cataratas-tratamiento-telescopio-intraocular\/#breadcrumb\"},\"inLanguage\":\"es\",\"potentialAction\":[{\"@type\":\"ReadAction\",\"target\":[\"https:\/\/www.institutmacula.com\/es\/dmae-cataratas-tratamiento-telescopio-intraocular\/\"]}]},{\"@type\":\"ImageObject\",\"inLanguage\":\"es\",\"@id\":\"https:\/\/www.institutmacula.com\/es\/dmae-cataratas-tratamiento-telescopio-intraocular\/#primaryimage\",\"url\":\"https:\/\/www.institutmacula.com\/wp-content\/uploads\/2025\/12\/abordajes-de-la-dmae-y-las-cataratas.jpeg\",\"contentUrl\":\"https:\/\/www.institutmacula.com\/wp-content\/uploads\/2025\/12\/abordajes-de-la-dmae-y-las-cataratas.jpeg\",\"width\":1200,\"height\":675},{\"@type\":\"BreadcrumbList\",\"@id\":\"https:\/\/www.institutmacula.com\/es\/dmae-cataratas-tratamiento-telescopio-intraocular\/#breadcrumb\",\"itemListElement\":[{\"@type\":\"ListItem\",\"position\":1,\"name\":\"Inici\",\"item\":\"https:\/\/www.institutmacula.com\/es\/\"},{\"@type\":\"ListItem\",\"position\":2,\"name\":\"Abordaje de la DMAE y las cataratas: soluciones avanzadas\"}]},{\"@type\":\"WebSite\",\"@id\":\"https:\/\/www.institutmacula.com\/es\/#website\",\"url\":\"https:\/\/www.institutmacula.com\/es\/\",\"name\":\"Institut de la M\u00e0cula\",\"description\":\"Innovating Eye Care\",\"publisher\":{\"@id\":\"https:\/\/www.institutmacula.com\/es\/#organization\"},\"potentialAction\":[{\"@type\":\"SearchAction\",\"target\":{\"@type\":\"EntryPoint\",\"urlTemplate\":\"https:\/\/www.institutmacula.com\/es\/?s={search_term_string}\"},\"query-input\":{\"@type\":\"PropertyValueSpecification\",\"valueRequired\":true,\"valueName\":\"search_term_string\"}}],\"inLanguage\":\"es\"},{\"@type\":\"Organization\",\"@id\":\"https:\/\/www.institutmacula.com\/es\/#organization\",\"name\":\"Institut de la M\u00e0cula\",\"url\":\"https:\/\/www.institutmacula.com\/es\/\",\"logo\":{\"@type\":\"ImageObject\",\"inLanguage\":\"es\",\"@id\":\"https:\/\/www.institutmacula.com\/es\/#\/schema\/logo\/image\/\",\"url\":\"https:\/\/www.institutmacula.com\/wp-content\/uploads\/2024\/02\/logo-Institut-de-la-Macula-24.png\",\"contentUrl\":\"https:\/\/www.institutmacula.com\/wp-content\/uploads\/2024\/02\/logo-Institut-de-la-Macula-24.png\",\"width\":300,\"height\":120,\"caption\":\"Institut de la M\u00e0cula\"},\"image\":{\"@id\":\"https:\/\/www.institutmacula.com\/es\/#\/schema\/logo\/image\/\"}},{\"@type\":\"Person\",\"@id\":\"https:\/\/www.institutmacula.com\/es\/#\/schema\/person\/a686371d69fa87f058071b9d5a952536\",\"name\":\"mllibre\"}]}<\/script>\n<!-- \/ Yoast SEO plugin. -->","yoast_head_json":{"title":"DMAE y Cataratas: Tratamiento Combinado | Institut de la M\u00e0cula","description":"Abordaje experto y nuevas tecnolog\u00edas para pacientes con DMAE que desarrollan cataratas. Implantes y lentes intraoculares para mejorar la visi\u00f3n.","robots":{"index":"index","follow":"follow","max-snippet":"max-snippet:-1","max-image-preview":"max-image-preview:large","max-video-preview":"max-video-preview:-1"},"canonical":"https:\/\/www.institutmacula.com\/es\/dmae-cataratas-tratamiento-telescopio-intraocular\/","og_locale":"es_ES","og_type":"article","og_title":"DMAE y Cataratas: Tratamiento Combinado | Institut de la M\u00e0cula","og_description":"Abordaje experto y nuevas tecnolog\u00edas para pacientes con DMAE que desarrollan cataratas. Implantes y lentes intraoculares para mejorar la visi\u00f3n.","og_url":"https:\/\/www.institutmacula.com\/es\/dmae-cataratas-tratamiento-telescopio-intraocular\/","og_site_name":"Institut de la M\u00e0cula","article_published_time":"2024-07-24T11:05:00+00:00","article_modified_time":"2025-12-10T12:10:50+00:00","og_image":[{"width":1200,"height":675,"url":"https:\/\/www.institutmacula.com\/wp-content\/uploads\/2025\/12\/abordajes-de-la-dmae-y-las-cataratas.jpeg","type":"image\/jpeg"}],"author":"mllibre","twitter_card":"summary_large_image","twitter_misc":{"Escrito por":"mllibre","Tiempo de lectura":"2 minutos"},"schema":{"@context":"https:\/\/schema.org","@graph":[{"@type":"Article","@id":"https:\/\/www.institutmacula.com\/es\/dmae-cataratas-tratamiento-telescopio-intraocular\/#article","isPartOf":{"@id":"https:\/\/www.institutmacula.com\/es\/dmae-cataratas-tratamiento-telescopio-intraocular\/"},"author":{"name":"mllibre","@id":"https:\/\/www.institutmacula.com\/es\/#\/schema\/person\/a686371d69fa87f058071b9d5a952536"},"headline":"Abordaje de la DMAE y las cataratas: soluciones avanzadas","datePublished":"2024-07-24T11:05:00+00:00","dateModified":"2025-12-10T12:10:50+00:00","mainEntityOfPage":{"@id":"https:\/\/www.institutmacula.com\/es\/dmae-cataratas-tratamiento-telescopio-intraocular\/"},"wordCount":190,"publisher":{"@id":"https:\/\/www.institutmacula.com\/es\/#organization"},"image":{"@id":"https:\/\/www.institutmacula.com\/es\/dmae-cataratas-tratamiento-telescopio-intraocular\/#primaryimage"},"thumbnailUrl":"https:\/\/www.institutmacula.com\/wp-content\/uploads\/2025\/12\/abordajes-de-la-dmae-y-las-cataratas.jpeg","articleSection":["Noticias"],"inLanguage":"es"},{"@type":"WebPage","@id":"https:\/\/www.institutmacula.com\/es\/dmae-cataratas-tratamiento-telescopio-intraocular\/","url":"https:\/\/www.institutmacula.com\/es\/dmae-cataratas-tratamiento-telescopio-intraocular\/","name":"DMAE y Cataratas: Tratamiento Combinado | Institut de la M\u00e0cula","isPartOf":{"@id":"https:\/\/www.institutmacula.com\/es\/#website"},"primaryImageOfPage":{"@id":"https:\/\/www.institutmacula.com\/es\/dmae-cataratas-tratamiento-telescopio-intraocular\/#primaryimage"},"image":{"@id":"https:\/\/www.institutmacula.com\/es\/dmae-cataratas-tratamiento-telescopio-intraocular\/#primaryimage"},"thumbnailUrl":"https:\/\/www.institutmacula.com\/wp-content\/uploads\/2025\/12\/abordajes-de-la-dmae-y-las-cataratas.jpeg","datePublished":"2024-07-24T11:05:00+00:00","dateModified":"2025-12-10T12:10:50+00:00","description":"Abordaje experto y nuevas tecnolog\u00edas para pacientes con DMAE que desarrollan cataratas. Implantes y lentes intraoculares para mejorar la visi\u00f3n.","breadcrumb":{"@id":"https:\/\/www.institutmacula.com\/es\/dmae-cataratas-tratamiento-telescopio-intraocular\/#breadcrumb"},"inLanguage":"es","potentialAction":[{"@type":"ReadAction","target":["https:\/\/www.institutmacula.com\/es\/dmae-cataratas-tratamiento-telescopio-intraocular\/"]}]},{"@type":"ImageObject","inLanguage":"es","@id":"https:\/\/www.institutmacula.com\/es\/dmae-cataratas-tratamiento-telescopio-intraocular\/#primaryimage","url":"https:\/\/www.institutmacula.com\/wp-content\/uploads\/2025\/12\/abordajes-de-la-dmae-y-las-cataratas.jpeg","contentUrl":"https:\/\/www.institutmacula.com\/wp-content\/uploads\/2025\/12\/abordajes-de-la-dmae-y-las-cataratas.jpeg","width":1200,"height":675},{"@type":"BreadcrumbList","@id":"https:\/\/www.institutmacula.com\/es\/dmae-cataratas-tratamiento-telescopio-intraocular\/#breadcrumb","itemListElement":[{"@type":"ListItem","position":1,"name":"Inici","item":"https:\/\/www.institutmacula.com\/es\/"},{"@type":"ListItem","position":2,"name":"Abordaje de la DMAE y las cataratas: soluciones avanzadas"}]},{"@type":"WebSite","@id":"https:\/\/www.institutmacula.com\/es\/#website","url":"https:\/\/www.institutmacula.com\/es\/","name":"Institut de la M\u00e0cula","description":"Innovating Eye Care","publisher":{"@id":"https:\/\/www.institutmacula.com\/es\/#organization"},"potentialAction":[{"@type":"SearchAction","target":{"@type":"EntryPoint","urlTemplate":"https:\/\/www.institutmacula.com\/es\/?s={search_term_string}"},"query-input":{"@type":"PropertyValueSpecification","valueRequired":true,"valueName":"search_term_string"}}],"inLanguage":"es"},{"@type":"Organization","@id":"https:\/\/www.institutmacula.com\/es\/#organization","name":"Institut de la M\u00e0cula","url":"https:\/\/www.institutmacula.com\/es\/","logo":{"@type":"ImageObject","inLanguage":"es","@id":"https:\/\/www.institutmacula.com\/es\/#\/schema\/logo\/image\/","url":"https:\/\/www.institutmacula.com\/wp-content\/uploads\/2024\/02\/logo-Institut-de-la-Macula-24.png","contentUrl":"https:\/\/www.institutmacula.com\/wp-content\/uploads\/2024\/02\/logo-Institut-de-la-Macula-24.png","width":300,"height":120,"caption":"Institut de la M\u00e0cula"},"image":{"@id":"https:\/\/www.institutmacula.com\/es\/#\/schema\/logo\/image\/"}},{"@type":"Person","@id":"https:\/\/www.institutmacula.com\/es\/#\/schema\/person\/a686371d69fa87f058071b9d5a952536","name":"mllibre"}]}},"_links":{"self":[{"href":"https:\/\/www.institutmacula.com\/es\/wp-json\/wp\/v2\/posts\/8245","targetHints":{"allow":["GET"]}}],"collection":[{"href":"https:\/\/www.institutmacula.com\/es\/wp-json\/wp\/v2\/posts"}],"about":[{"href":"https:\/\/www.institutmacula.com\/es\/wp-json\/wp\/v2\/types\/post"}],"author":[{"embeddable":true,"href":"https:\/\/www.institutmacula.com\/es\/wp-json\/wp\/v2\/users\/1"}],"replies":[{"embeddable":true,"href":"https:\/\/www.institutmacula.com\/es\/wp-json\/wp\/v2\/comments?post=8245"}],"version-history":[{"count":1,"href":"https:\/\/www.institutmacula.com\/es\/wp-json\/wp\/v2\/posts\/8245\/revisions"}],"predecessor-version":[{"id":8249,"href":"https:\/\/www.institutmacula.com\/es\/wp-json\/wp\/v2\/posts\/8245\/revisions\/8249"}],"wp:featuredmedia":[{"embeddable":true,"href":"https:\/\/www.institutmacula.com\/es\/wp-json\/wp\/v2\/media\/8246"}],"wp:attachment":[{"href":"https:\/\/www.institutmacula.com\/es\/wp-json\/wp\/v2\/media?parent=8245"}],"wp:term":[{"taxonomy":"category","embeddable":true,"href":"https:\/\/www.institutmacula.com\/es\/wp-json\/wp\/v2\/categories?post=8245"},{"taxonomy":"post_tag","embeddable":true,"href":"https:\/\/www.institutmacula.com\/es\/wp-json\/wp\/v2\/tags?post=8245"}],"curies":[{"name":"wp","href":"https:\/\/api.w.org\/{rel}","templated":true}]}}