{"id":8253,"date":"2024-09-12T16:56:00","date_gmt":"2024-09-12T14:56:00","guid":{"rendered":"https:\/\/www.institutmacula.com\/?p=8253"},"modified":"2025-12-11T17:00:51","modified_gmt":"2025-12-11T16:00:51","slug":"tratamientos-post-verano-recuperar-piel-sol","status":"publish","type":"post","link":"https:\/\/www.institutmacula.com\/es\/tratamientos-post-verano-recuperar-piel-sol\/","title":{"rendered":"Tratamientos Post-Verano para Revitalizar tu Piel"},"content":{"rendered":"\n<p><strong>Tratamientos para despu\u00e9s del verano<\/strong><\/p>\n\n\n\n<p>La exposici\u00f3n al sol y al agua del mar y de las&nbsp;piscinas somete nuestra piel a una serie de&nbsp;<strong>cambios que pueden modificar su textura o tonalidad<\/strong>, sobre todo si no hemos utilizado fotoprotecci\u00f3n de forma constante.<\/p>\n\n\n\n<p>El principal efecto del sol sobre la piel tras cortos per\u00edodos de exposici\u00f3n suele ser la&nbsp;<strong>p\u00e9rdida de hidrataci\u00f3n<\/strong>. Adem\u00e1s, puede producirse un leve&nbsp;<strong>engrosamiento de las capas superficiales<\/strong>&nbsp;\u2014un sistema de autoprotecci\u00f3n que activa nuestro organismo ante las agresiones externas\u2014&nbsp;y pueden aparecer&nbsp;<strong>manchas<\/strong>, tanto&nbsp;<strong>h\u00edper<\/strong>&nbsp;como&nbsp;<strong>hipopigmentadas<\/strong>. Las personas con patolog\u00edas que&nbsp;alteran la pigmentaci\u00f3n de la piel, como el&nbsp;<strong>melasma<\/strong>, pueden sufrir descompensaciones que hay que abordar.<\/p>\n\n\n\n<p><strong>Objetivo: recuperar textura, brillo y elasticidad<\/strong><\/p>\n\n\n\n<p>Existen una serie de&nbsp;<strong>tratamientos est\u00e9ticos<\/strong>&nbsp;que pueden ayudar a que tu piel vuelva a la normalidad. Los peelings, qu\u00edmicos o f\u00edsicos, ayudan a exfoliar la capa superficial de la piel&nbsp;<strong>disminuyendo arrugas superficiales y manchas<\/strong>. Los&nbsp;<strong>tratamientos hidratantes<\/strong>, como la&nbsp;<strong>mesoterapia<\/strong>&nbsp;o el&nbsp;<strong>plasma rico en plaquetas<\/strong>, devuelven a la piel el&nbsp;<strong>brillo<\/strong>&nbsp;y la&nbsp;<strong>elasticidad<\/strong>.<br><br>Es importante recordar que la exposici\u00f3n solar prolongada sin la&nbsp;<strong>fotoprotecci\u00f3n<\/strong>&nbsp;adecuada aumenta el riesgo no solo de fotoenvejecimiento, sino que tambi\u00e9n puede propiciar la aparici\u00f3n de&nbsp;<strong>lesiones cut\u00e1neas<\/strong>&nbsp;y&nbsp;<strong>c\u00e1ncer de piel<\/strong>.<br><br>Para la zona periocular, donde la aplicaci\u00f3n de crema&nbsp;fotoprotectora&nbsp;puede resultar complicada, es importante usar&nbsp;<strong>gafas de sol con los filtros UV<\/strong>&nbsp;adecuados y con certificado de&nbsp;<strong>homologaci\u00f3n europeo<\/strong>.<\/p>\n\n\n\n<p><strong>Si recientemente has notado la aparici\u00f3n de alguna lesi\u00f3n&nbsp; en la regi\u00f3n palpebral, es importante revisarla.<\/strong><\/p>\n","protected":false},"excerpt":{"rendered":"<p>Tratamientos para despu\u00e9s del verano La exposici\u00f3n al sol y al agua del mar y de las&nbsp;piscinas somete nuestra piel a una serie de&nbsp;cambios que pueden modificar su textura o tonalidad, sobre todo si no hemos utilizado fotoprotecci\u00f3n de forma constante. El principal efecto del sol sobre la piel tras cortos per\u00edodos de exposici\u00f3n suele [&hellip;]<\/p>\n","protected":false},"author":1,"featured_media":8254,"comment_status":"closed","ping_status":"closed","sticky":false,"template":"","format":"standard","meta":{"_acf_changed":false,"site-sidebar-layout":"default","site-content-layout":"","ast-site-content-layout":"default","site-content-style":"default","site-sidebar-style":"default","ast-global-header-display":"","ast-banner-title-visibility":"","ast-main-header-display":"","ast-hfb-above-header-display":"","ast-hfb-below-header-display":"","ast-hfb-mobile-header-display":"","site-post-title":"","ast-breadcrumbs-content":"","ast-featured-img":"","footer-sml-layout":"","ast-disable-related-posts":"","theme-transparent-header-meta":"","adv-header-id-meta":"","stick-header-meta":"","header-above-stick-meta":"","header-main-stick-meta":"","header-below-stick-meta":"","astra-migrate-meta-layouts":"set","ast-page-background-enabled":"default","ast-page-background-meta":{"desktop":{"background-color":"var(--ast-global-color-4)","background-image":"","background-repeat":"repeat","background-position":"center center","background-size":"auto","background-attachment":"scroll","background-type":"","background-media":"","overlay-type":"","overlay-color":"","overlay-opacity":"","overlay-gradient":""},"tablet":{"background-color":"","background-image":"","background-repeat":"repeat","background-position":"center center","background-size":"auto","background-attachment":"scroll","background-type":"","background-media":"","overlay-type":"","overlay-color":"","overlay-opacity":"","overlay-gradient":""},"mobile":{"background-color":"","background-image":"","background-repeat":"repeat","background-position":"center center","background-size":"auto","background-attachment":"scroll","background-type":"","background-media":"","overlay-type":"","overlay-color":"","overlay-opacity":"","overlay-gradient":""}},"ast-content-background-meta":{"desktop":{"background-color":"var(--ast-global-color-5)","background-image":"","background-repeat":"repeat","background-position":"center center","background-size":"auto","background-attachment":"scroll","background-type":"","background-media":"","overlay-type":"","overlay-color":"","overlay-opacity":"","overlay-gradient":""},"tablet":{"background-color":"var(--ast-global-color-5)","background-image":"","background-repeat":"repeat","background-position":"center center","background-size":"auto","background-attachment":"scroll","background-type":"","background-media":"","overlay-type":"","overlay-color":"","overlay-opacity":"","overlay-gradient":""},"mobile":{"background-color":"var(--ast-global-color-5)","background-image":"","background-repeat":"repeat","background-position":"center center","background-size":"auto","background-attachment":"scroll","background-type":"","background-media":"","overlay-type":"","overlay-color":"","overlay-opacity":"","overlay-gradient":""}},"footnotes":""},"categories":[33],"tags":[],"class_list":["post-8253","post","type-post","status-publish","format-standard","has-post-thumbnail","hentry","category-noticias"],"acf":[],"yoast_head":"<!-- This site is optimized with the Yoast SEO plugin v26.9 - https:\/\/yoast.com\/product\/yoast-seo-wordpress\/ -->\n<title>Tratamientos Post-Verano | Institut de la M\u00e0cula<\/title>\n<meta name=\"description\" content=\"Elimina manchas, arrugas y flacidez causadas por el sol. Descubre peelings, mesoterapia y plasma rico en plaquetas para una piel hidratada y el\u00e1stica.\" \/>\n<meta name=\"robots\" content=\"index, follow, max-snippet:-1, max-image-preview:large, max-video-preview:-1\" \/>\n<link rel=\"canonical\" href=\"https:\/\/www.institutmacula.com\/es\/tratamientos-post-verano-recuperar-piel-sol\/\" \/>\n<meta property=\"og:locale\" content=\"es_ES\" \/>\n<meta property=\"og:type\" content=\"article\" \/>\n<meta property=\"og:title\" content=\"Tratamientos Post-Verano | Institut de la M\u00e0cula\" \/>\n<meta property=\"og:description\" content=\"Elimina manchas, arrugas y flacidez causadas por el sol. Descubre peelings, mesoterapia y plasma rico en plaquetas para una piel hidratada y el\u00e1stica.\" \/>\n<meta property=\"og:url\" content=\"https:\/\/www.institutmacula.com\/es\/tratamientos-post-verano-recuperar-piel-sol\/\" \/>\n<meta property=\"og:site_name\" content=\"Institut de la M\u00e0cula\" \/>\n<meta property=\"article:published_time\" content=\"2024-09-12T14:56:00+00:00\" \/>\n<meta property=\"article:modified_time\" content=\"2025-12-11T16:00:51+00:00\" \/>\n<meta property=\"og:image\" content=\"https:\/\/www.institutmacula.com\/wp-content\/uploads\/2025\/12\/tratamientos-ost-verano-para-revitalizar-tu-piel.jpg\" \/>\n\t<meta property=\"og:image:width\" content=\"1200\" \/>\n\t<meta property=\"og:image:height\" content=\"675\" \/>\n\t<meta property=\"og:image:type\" content=\"image\/jpeg\" \/>\n<meta name=\"author\" content=\"mllibre\" \/>\n<meta name=\"twitter:card\" content=\"summary_large_image\" \/>\n<meta name=\"twitter:label1\" content=\"Escrito por\" \/>\n\t<meta name=\"twitter:data1\" content=\"mllibre\" \/>\n\t<meta name=\"twitter:label2\" content=\"Tiempo de lectura\" \/>\n\t<meta name=\"twitter:data2\" content=\"2 minutos\" \/>\n<script type=\"application\/ld+json\" class=\"yoast-schema-graph\">{\"@context\":\"https:\/\/schema.org\",\"@graph\":[{\"@type\":\"Article\",\"@id\":\"https:\/\/www.institutmacula.com\/es\/tratamientos-post-verano-recuperar-piel-sol\/#article\",\"isPartOf\":{\"@id\":\"https:\/\/www.institutmacula.com\/es\/tratamientos-post-verano-recuperar-piel-sol\/\"},\"author\":{\"name\":\"mllibre\",\"@id\":\"https:\/\/www.institutmacula.com\/es\/#\/schema\/person\/a686371d69fa87f058071b9d5a952536\"},\"headline\":\"Tratamientos Post-Verano para Revitalizar tu Piel\",\"datePublished\":\"2024-09-12T14:56:00+00:00\",\"dateModified\":\"2025-12-11T16:00:51+00:00\",\"mainEntityOfPage\":{\"@id\":\"https:\/\/www.institutmacula.com\/es\/tratamientos-post-verano-recuperar-piel-sol\/\"},\"wordCount\":320,\"publisher\":{\"@id\":\"https:\/\/www.institutmacula.com\/es\/#organization\"},\"image\":{\"@id\":\"https:\/\/www.institutmacula.com\/es\/tratamientos-post-verano-recuperar-piel-sol\/#primaryimage\"},\"thumbnailUrl\":\"https:\/\/www.institutmacula.com\/wp-content\/uploads\/2025\/12\/tratamientos-ost-verano-para-revitalizar-tu-piel.jpg\",\"articleSection\":[\"Noticias\"],\"inLanguage\":\"es\"},{\"@type\":\"WebPage\",\"@id\":\"https:\/\/www.institutmacula.com\/es\/tratamientos-post-verano-recuperar-piel-sol\/\",\"url\":\"https:\/\/www.institutmacula.com\/es\/tratamientos-post-verano-recuperar-piel-sol\/\",\"name\":\"Tratamientos Post-Verano | Institut de la M\u00e0cula\",\"isPartOf\":{\"@id\":\"https:\/\/www.institutmacula.com\/es\/#website\"},\"primaryImageOfPage\":{\"@id\":\"https:\/\/www.institutmacula.com\/es\/tratamientos-post-verano-recuperar-piel-sol\/#primaryimage\"},\"image\":{\"@id\":\"https:\/\/www.institutmacula.com\/es\/tratamientos-post-verano-recuperar-piel-sol\/#primaryimage\"},\"thumbnailUrl\":\"https:\/\/www.institutmacula.com\/wp-content\/uploads\/2025\/12\/tratamientos-ost-verano-para-revitalizar-tu-piel.jpg\",\"datePublished\":\"2024-09-12T14:56:00+00:00\",\"dateModified\":\"2025-12-11T16:00:51+00:00\",\"description\":\"Elimina manchas, arrugas y flacidez causadas por el sol. Descubre peelings, mesoterapia y plasma rico en plaquetas para una piel hidratada y el\u00e1stica.\",\"breadcrumb\":{\"@id\":\"https:\/\/www.institutmacula.com\/es\/tratamientos-post-verano-recuperar-piel-sol\/#breadcrumb\"},\"inLanguage\":\"es\",\"potentialAction\":[{\"@type\":\"ReadAction\",\"target\":[\"https:\/\/www.institutmacula.com\/es\/tratamientos-post-verano-recuperar-piel-sol\/\"]}]},{\"@type\":\"ImageObject\",\"inLanguage\":\"es\",\"@id\":\"https:\/\/www.institutmacula.com\/es\/tratamientos-post-verano-recuperar-piel-sol\/#primaryimage\",\"url\":\"https:\/\/www.institutmacula.com\/wp-content\/uploads\/2025\/12\/tratamientos-ost-verano-para-revitalizar-tu-piel.jpg\",\"contentUrl\":\"https:\/\/www.institutmacula.com\/wp-content\/uploads\/2025\/12\/tratamientos-ost-verano-para-revitalizar-tu-piel.jpg\",\"width\":1200,\"height\":675},{\"@type\":\"BreadcrumbList\",\"@id\":\"https:\/\/www.institutmacula.com\/es\/tratamientos-post-verano-recuperar-piel-sol\/#breadcrumb\",\"itemListElement\":[{\"@type\":\"ListItem\",\"position\":1,\"name\":\"Inici\",\"item\":\"https:\/\/www.institutmacula.com\/es\/\"},{\"@type\":\"ListItem\",\"position\":2,\"name\":\"Tratamientos Post-Verano para Revitalizar tu Piel\"}]},{\"@type\":\"WebSite\",\"@id\":\"https:\/\/www.institutmacula.com\/es\/#website\",\"url\":\"https:\/\/www.institutmacula.com\/es\/\",\"name\":\"Institut de la M\u00e0cula\",\"description\":\"Innovating Eye Care\",\"publisher\":{\"@id\":\"https:\/\/www.institutmacula.com\/es\/#organization\"},\"potentialAction\":[{\"@type\":\"SearchAction\",\"target\":{\"@type\":\"EntryPoint\",\"urlTemplate\":\"https:\/\/www.institutmacula.com\/es\/?s={search_term_string}\"},\"query-input\":{\"@type\":\"PropertyValueSpecification\",\"valueRequired\":true,\"valueName\":\"search_term_string\"}}],\"inLanguage\":\"es\"},{\"@type\":\"Organization\",\"@id\":\"https:\/\/www.institutmacula.com\/es\/#organization\",\"name\":\"Institut de la M\u00e0cula\",\"url\":\"https:\/\/www.institutmacula.com\/es\/\",\"logo\":{\"@type\":\"ImageObject\",\"inLanguage\":\"es\",\"@id\":\"https:\/\/www.institutmacula.com\/es\/#\/schema\/logo\/image\/\",\"url\":\"https:\/\/www.institutmacula.com\/wp-content\/uploads\/2024\/02\/logo-Institut-de-la-Macula-24.png\",\"contentUrl\":\"https:\/\/www.institutmacula.com\/wp-content\/uploads\/2024\/02\/logo-Institut-de-la-Macula-24.png\",\"width\":300,\"height\":120,\"caption\":\"Institut de la M\u00e0cula\"},\"image\":{\"@id\":\"https:\/\/www.institutmacula.com\/es\/#\/schema\/logo\/image\/\"}},{\"@type\":\"Person\",\"@id\":\"https:\/\/www.institutmacula.com\/es\/#\/schema\/person\/a686371d69fa87f058071b9d5a952536\",\"name\":\"mllibre\"}]}<\/script>\n<!-- \/ Yoast SEO plugin. -->","yoast_head_json":{"title":"Tratamientos Post-Verano | Institut de la M\u00e0cula","description":"Elimina manchas, arrugas y flacidez causadas por el sol. Descubre peelings, mesoterapia y plasma rico en plaquetas para una piel hidratada y el\u00e1stica.","robots":{"index":"index","follow":"follow","max-snippet":"max-snippet:-1","max-image-preview":"max-image-preview:large","max-video-preview":"max-video-preview:-1"},"canonical":"https:\/\/www.institutmacula.com\/es\/tratamientos-post-verano-recuperar-piel-sol\/","og_locale":"es_ES","og_type":"article","og_title":"Tratamientos Post-Verano | Institut de la M\u00e0cula","og_description":"Elimina manchas, arrugas y flacidez causadas por el sol. Descubre peelings, mesoterapia y plasma rico en plaquetas para una piel hidratada y el\u00e1stica.","og_url":"https:\/\/www.institutmacula.com\/es\/tratamientos-post-verano-recuperar-piel-sol\/","og_site_name":"Institut de la M\u00e0cula","article_published_time":"2024-09-12T14:56:00+00:00","article_modified_time":"2025-12-11T16:00:51+00:00","og_image":[{"width":1200,"height":675,"url":"https:\/\/www.institutmacula.com\/wp-content\/uploads\/2025\/12\/tratamientos-ost-verano-para-revitalizar-tu-piel.jpg","type":"image\/jpeg"}],"author":"mllibre","twitter_card":"summary_large_image","twitter_misc":{"Escrito por":"mllibre","Tiempo de lectura":"2 minutos"},"schema":{"@context":"https:\/\/schema.org","@graph":[{"@type":"Article","@id":"https:\/\/www.institutmacula.com\/es\/tratamientos-post-verano-recuperar-piel-sol\/#article","isPartOf":{"@id":"https:\/\/www.institutmacula.com\/es\/tratamientos-post-verano-recuperar-piel-sol\/"},"author":{"name":"mllibre","@id":"https:\/\/www.institutmacula.com\/es\/#\/schema\/person\/a686371d69fa87f058071b9d5a952536"},"headline":"Tratamientos Post-Verano para Revitalizar tu Piel","datePublished":"2024-09-12T14:56:00+00:00","dateModified":"2025-12-11T16:00:51+00:00","mainEntityOfPage":{"@id":"https:\/\/www.institutmacula.com\/es\/tratamientos-post-verano-recuperar-piel-sol\/"},"wordCount":320,"publisher":{"@id":"https:\/\/www.institutmacula.com\/es\/#organization"},"image":{"@id":"https:\/\/www.institutmacula.com\/es\/tratamientos-post-verano-recuperar-piel-sol\/#primaryimage"},"thumbnailUrl":"https:\/\/www.institutmacula.com\/wp-content\/uploads\/2025\/12\/tratamientos-ost-verano-para-revitalizar-tu-piel.jpg","articleSection":["Noticias"],"inLanguage":"es"},{"@type":"WebPage","@id":"https:\/\/www.institutmacula.com\/es\/tratamientos-post-verano-recuperar-piel-sol\/","url":"https:\/\/www.institutmacula.com\/es\/tratamientos-post-verano-recuperar-piel-sol\/","name":"Tratamientos Post-Verano | Institut de la M\u00e0cula","isPartOf":{"@id":"https:\/\/www.institutmacula.com\/es\/#website"},"primaryImageOfPage":{"@id":"https:\/\/www.institutmacula.com\/es\/tratamientos-post-verano-recuperar-piel-sol\/#primaryimage"},"image":{"@id":"https:\/\/www.institutmacula.com\/es\/tratamientos-post-verano-recuperar-piel-sol\/#primaryimage"},"thumbnailUrl":"https:\/\/www.institutmacula.com\/wp-content\/uploads\/2025\/12\/tratamientos-ost-verano-para-revitalizar-tu-piel.jpg","datePublished":"2024-09-12T14:56:00+00:00","dateModified":"2025-12-11T16:00:51+00:00","description":"Elimina manchas, arrugas y flacidez causadas por el sol. Descubre peelings, mesoterapia y plasma rico en plaquetas para una piel hidratada y el\u00e1stica.","breadcrumb":{"@id":"https:\/\/www.institutmacula.com\/es\/tratamientos-post-verano-recuperar-piel-sol\/#breadcrumb"},"inLanguage":"es","potentialAction":[{"@type":"ReadAction","target":["https:\/\/www.institutmacula.com\/es\/tratamientos-post-verano-recuperar-piel-sol\/"]}]},{"@type":"ImageObject","inLanguage":"es","@id":"https:\/\/www.institutmacula.com\/es\/tratamientos-post-verano-recuperar-piel-sol\/#primaryimage","url":"https:\/\/www.institutmacula.com\/wp-content\/uploads\/2025\/12\/tratamientos-ost-verano-para-revitalizar-tu-piel.jpg","contentUrl":"https:\/\/www.institutmacula.com\/wp-content\/uploads\/2025\/12\/tratamientos-ost-verano-para-revitalizar-tu-piel.jpg","width":1200,"height":675},{"@type":"BreadcrumbList","@id":"https:\/\/www.institutmacula.com\/es\/tratamientos-post-verano-recuperar-piel-sol\/#breadcrumb","itemListElement":[{"@type":"ListItem","position":1,"name":"Inici","item":"https:\/\/www.institutmacula.com\/es\/"},{"@type":"ListItem","position":2,"name":"Tratamientos Post-Verano para Revitalizar tu Piel"}]},{"@type":"WebSite","@id":"https:\/\/www.institutmacula.com\/es\/#website","url":"https:\/\/www.institutmacula.com\/es\/","name":"Institut de la M\u00e0cula","description":"Innovating Eye Care","publisher":{"@id":"https:\/\/www.institutmacula.com\/es\/#organization"},"potentialAction":[{"@type":"SearchAction","target":{"@type":"EntryPoint","urlTemplate":"https:\/\/www.institutmacula.com\/es\/?s={search_term_string}"},"query-input":{"@type":"PropertyValueSpecification","valueRequired":true,"valueName":"search_term_string"}}],"inLanguage":"es"},{"@type":"Organization","@id":"https:\/\/www.institutmacula.com\/es\/#organization","name":"Institut de la M\u00e0cula","url":"https:\/\/www.institutmacula.com\/es\/","logo":{"@type":"ImageObject","inLanguage":"es","@id":"https:\/\/www.institutmacula.com\/es\/#\/schema\/logo\/image\/","url":"https:\/\/www.institutmacula.com\/wp-content\/uploads\/2024\/02\/logo-Institut-de-la-Macula-24.png","contentUrl":"https:\/\/www.institutmacula.com\/wp-content\/uploads\/2024\/02\/logo-Institut-de-la-Macula-24.png","width":300,"height":120,"caption":"Institut de la M\u00e0cula"},"image":{"@id":"https:\/\/www.institutmacula.com\/es\/#\/schema\/logo\/image\/"}},{"@type":"Person","@id":"https:\/\/www.institutmacula.com\/es\/#\/schema\/person\/a686371d69fa87f058071b9d5a952536","name":"mllibre"}]}},"_links":{"self":[{"href":"https:\/\/www.institutmacula.com\/es\/wp-json\/wp\/v2\/posts\/8253","targetHints":{"allow":["GET"]}}],"collection":[{"href":"https:\/\/www.institutmacula.com\/es\/wp-json\/wp\/v2\/posts"}],"about":[{"href":"https:\/\/www.institutmacula.com\/es\/wp-json\/wp\/v2\/types\/post"}],"author":[{"embeddable":true,"href":"https:\/\/www.institutmacula.com\/es\/wp-json\/wp\/v2\/users\/1"}],"replies":[{"embeddable":true,"href":"https:\/\/www.institutmacula.com\/es\/wp-json\/wp\/v2\/comments?post=8253"}],"version-history":[{"count":1,"href":"https:\/\/www.institutmacula.com\/es\/wp-json\/wp\/v2\/posts\/8253\/revisions"}],"predecessor-version":[{"id":8257,"href":"https:\/\/www.institutmacula.com\/es\/wp-json\/wp\/v2\/posts\/8253\/revisions\/8257"}],"wp:featuredmedia":[{"embeddable":true,"href":"https:\/\/www.institutmacula.com\/es\/wp-json\/wp\/v2\/media\/8254"}],"wp:attachment":[{"href":"https:\/\/www.institutmacula.com\/es\/wp-json\/wp\/v2\/media?parent=8253"}],"wp:term":[{"taxonomy":"category","embeddable":true,"href":"https:\/\/www.institutmacula.com\/es\/wp-json\/wp\/v2\/categories?post=8253"},{"taxonomy":"post_tag","embeddable":true,"href":"https:\/\/www.institutmacula.com\/es\/wp-json\/wp\/v2\/tags?post=8253"}],"curies":[{"name":"wp","href":"https:\/\/api.w.org\/{rel}","templated":true}]}}