{"id":8274,"date":"2025-05-06T18:22:00","date_gmt":"2025-05-06T16:22:00","guid":{"rendered":"https:\/\/www.institutmacula.com\/?p=8274"},"modified":"2025-12-11T18:27:40","modified_gmt":"2025-12-11T17:27:40","slug":"lente-intraocular-multifocal-cirugia-presbicia","status":"publish","type":"post","link":"https:\/\/www.institutmacula.com\/es\/lente-intraocular-multifocal-cirugia-presbicia\/","title":{"rendered":"Lente Intraocular Multifocal: Visi\u00f3n \u00d3ptima en Todas las Distancias"},"content":{"rendered":"\n<p class=\"has-ast-global-color-8-color has-text-color has-link-color wp-elements-6b74e3a650ef1993d8f82288f7956a5e\"><a href=\"https:\/\/www.institutmacula.com\/patologia\/presbicia\/\">Con el paso de los a\u00f1os, es com\u00fan experimentar\u00a0<strong>dificultades para enfocar objetos cercanos<\/strong>, un fen\u00f3meno conocido como\u00a0<strong>presbicia<\/strong>\u00a0o\u00a0<strong>vista cansada<\/strong>. Esta condici\u00f3n se debe a la p\u00e9rdida de elasticidad del cristalino, la lente natural del ojo, y suele manifestarse\u00a0<strong>a partir de los 45 a\u00f1os<\/strong>. Adem\u00e1s, muchos pacientes tambi\u00e9n pueden sufrir defectos refractivos como la\u00a0<strong>miop\u00eda<\/strong>\u00a0o la\u00a0<strong>hipermetrop\u00eda<\/strong>, que afectan la visi\u00f3n tanto de lejos como de cerca.<\/a><\/p>\n\n\n\n<p class=\"has-ast-global-color-8-color has-text-color has-link-color wp-elements-1d85be6b0ff602821d8bff6087b8da24\"><a href=\"https:\/\/www.institutmacula.com\/patologia\/presbicia\/\">En el Institut de la M\u00e0cula\u00a0ofrecemos una\u00a0<strong>soluci\u00f3n efectiva<\/strong>\u00a0para corregir tanto la presbicia como otros defectos refractivos con el implante de una lente intraocular. Este procedimiento consiste en\u00a0<strong>sustituir el cristalino por una lente intraocular<\/strong>\u00a0(LIO) dise\u00f1ada para proporcionar una visi\u00f3n clara a varias distancias.<\/a><\/p>\n\n\n\n<p>Beneficios de la cirug\u00eda con lente intraocular multifocal:<\/p>\n\n\n\n<ul class=\"wp-block-list\">\n<li><strong>Correcci\u00f3n integral de la visi\u00f3n<\/strong>: Las lentes intraoculares multifocales permiten enfocar objetos a diferentes distancias, reduciendo o eliminando la dependencia de gafas tanto para la visi\u00f3n de cerca como de lejos.<\/li>\n\n\n\n<li><strong>Procedimiento seguro y eficaz<\/strong>: La cirug\u00eda se realiza de manera ambulatoria y tiene una duraci\u00f3n aproximada de 20 minutos por ojo. La recuperaci\u00f3n es r\u00e1pida, y la mayor\u00eda de los pacientes experimentan una mejora significativa de la visi\u00f3n en pocos d\u00edas.<\/li>\n\n\n\n<li><strong>Prevenci\u00f3n de cataratas futuras<\/strong>: Al sustituir el cristalino natural por una lente artificial, se elimina la posibilidad de desarrollar cataratas en el futuro, ya que la nueva lente no se degrada con el tiempo.<\/li>\n<\/ul>\n\n\n\n<p>En el Institut de la M\u00e0cula realizamos una&nbsp;<strong>evaluaci\u00f3n exhaustiva de cada caso<\/strong>, teniendo en cuenta factores como la edad, el estado de salud ocular y las expectativas visuales, para determinar la mejor opci\u00f3n de tratamiento.<\/p>\n\n\n\n<p>Si est\u00e1s interesado en mejorar tu calidad de vida y disfrutar de una visi\u00f3n \u00f3ptima en todas las distancias, te invitamos a programar una&nbsp;<strong>consulta con nuestros especialistas<\/strong>. Estaremos encantados de asesorarte y ofrecerte la soluci\u00f3n m\u00e1s adecuada a tus necesidades visuales.<\/p>\n\n\n\n<p class=\"has-ast-global-color-8-color has-text-color has-link-color wp-elements-581a00567af20c9b1487f81b22dd1827\">Para m\u00e1s informaci\u00f3n,&nbsp;<a href=\"https:\/\/www.institutmacula.com\/es\/tractament\/cirurgia-de-cristalli-transparent\/\" target=\"_blank\" rel=\"noreferrer noopener\">visita nuestra p\u00e1gina web<\/a>.<\/p>\n\n\n\n<p><\/p>\n","protected":false},"excerpt":{"rendered":"<p>Con el paso de los a\u00f1os, es com\u00fan experimentar\u00a0dificultades para enfocar objetos cercanos, un fen\u00f3meno conocido como\u00a0presbicia\u00a0o\u00a0vista cansada. Esta condici\u00f3n se debe a la p\u00e9rdida de elasticidad del cristalino, la lente natural del ojo, y suele manifestarse\u00a0a partir de los 45 a\u00f1os. Adem\u00e1s, muchos pacientes tambi\u00e9n pueden sufrir defectos refractivos como la\u00a0miop\u00eda\u00a0o la\u00a0hipermetrop\u00eda, que afectan [&hellip;]<\/p>\n","protected":false},"author":1,"featured_media":8275,"comment_status":"closed","ping_status":"closed","sticky":false,"template":"","format":"standard","meta":{"_acf_changed":false,"site-sidebar-layout":"default","site-content-layout":"","ast-site-content-layout":"default","site-content-style":"default","site-sidebar-style":"default","ast-global-header-display":"","ast-banner-title-visibility":"","ast-main-header-display":"","ast-hfb-above-header-display":"","ast-hfb-below-header-display":"","ast-hfb-mobile-header-display":"","site-post-title":"","ast-breadcrumbs-content":"","ast-featured-img":"","footer-sml-layout":"","ast-disable-related-posts":"","theme-transparent-header-meta":"","adv-header-id-meta":"","stick-header-meta":"","header-above-stick-meta":"","header-main-stick-meta":"","header-below-stick-meta":"","astra-migrate-meta-layouts":"set","ast-page-background-enabled":"default","ast-page-background-meta":{"desktop":{"background-color":"var(--ast-global-color-4)","background-image":"","background-repeat":"repeat","background-position":"center center","background-size":"auto","background-attachment":"scroll","background-type":"","background-media":"","overlay-type":"","overlay-color":"","overlay-opacity":"","overlay-gradient":""},"tablet":{"background-color":"","background-image":"","background-repeat":"repeat","background-position":"center center","background-size":"auto","background-attachment":"scroll","background-type":"","background-media":"","overlay-type":"","overlay-color":"","overlay-opacity":"","overlay-gradient":""},"mobile":{"background-color":"","background-image":"","background-repeat":"repeat","background-position":"center center","background-size":"auto","background-attachment":"scroll","background-type":"","background-media":"","overlay-type":"","overlay-color":"","overlay-opacity":"","overlay-gradient":""}},"ast-content-background-meta":{"desktop":{"background-color":"var(--ast-global-color-5)","background-image":"","background-repeat":"repeat","background-position":"center center","background-size":"auto","background-attachment":"scroll","background-type":"","background-media":"","overlay-type":"","overlay-color":"","overlay-opacity":"","overlay-gradient":""},"tablet":{"background-color":"var(--ast-global-color-5)","background-image":"","background-repeat":"repeat","background-position":"center center","background-size":"auto","background-attachment":"scroll","background-type":"","background-media":"","overlay-type":"","overlay-color":"","overlay-opacity":"","overlay-gradient":""},"mobile":{"background-color":"var(--ast-global-color-5)","background-image":"","background-repeat":"repeat","background-position":"center center","background-size":"auto","background-attachment":"scroll","background-type":"","background-media":"","overlay-type":"","overlay-color":"","overlay-opacity":"","overlay-gradient":""}},"footnotes":""},"categories":[33],"tags":[],"class_list":["post-8274","post","type-post","status-publish","format-standard","has-post-thumbnail","hentry","category-noticias"],"acf":[],"yoast_head":"<!-- This site is optimized with the Yoast SEO plugin v26.9 - https:\/\/yoast.com\/product\/yoast-seo-wordpress\/ -->\n<title>Lente Intraocular Multifocal | Institut de la M\u00e0cula<\/title>\n<meta name=\"description\" content=\"Corrige la presbicia, miop\u00eda e hipermetrop\u00eda con lentes intraoculares multifocales. Cirug\u00eda ambulatoria, r\u00e1pida recuperaci\u00f3n y adi\u00f3s a las gafas.\" \/>\n<meta name=\"robots\" content=\"index, follow, max-snippet:-1, max-image-preview:large, max-video-preview:-1\" \/>\n<link rel=\"canonical\" href=\"https:\/\/www.institutmacula.com\/es\/lente-intraocular-multifocal-cirugia-presbicia\/\" \/>\n<meta property=\"og:locale\" content=\"es_ES\" \/>\n<meta property=\"og:type\" content=\"article\" \/>\n<meta property=\"og:title\" content=\"Lente Intraocular Multifocal | Institut de la M\u00e0cula\" \/>\n<meta property=\"og:description\" content=\"Corrige la presbicia, miop\u00eda e hipermetrop\u00eda con lentes intraoculares multifocales. Cirug\u00eda ambulatoria, r\u00e1pida recuperaci\u00f3n y adi\u00f3s a las gafas.\" \/>\n<meta property=\"og:url\" content=\"https:\/\/www.institutmacula.com\/es\/lente-intraocular-multifocal-cirugia-presbicia\/\" \/>\n<meta property=\"og:site_name\" content=\"Institut de la M\u00e0cula\" \/>\n<meta property=\"article:published_time\" content=\"2025-05-06T16:22:00+00:00\" \/>\n<meta property=\"article:modified_time\" content=\"2025-12-11T17:27:40+00:00\" \/>\n<meta property=\"og:image\" content=\"https:\/\/www.institutmacula.com\/wp-content\/uploads\/2025\/12\/lente-intraocular-multifocal-presbicia.jpg\" \/>\n\t<meta property=\"og:image:width\" content=\"570\" \/>\n\t<meta property=\"og:image:height\" content=\"380\" \/>\n\t<meta property=\"og:image:type\" content=\"image\/jpeg\" \/>\n<meta name=\"author\" content=\"mllibre\" \/>\n<meta name=\"twitter:card\" content=\"summary_large_image\" \/>\n<meta name=\"twitter:label1\" content=\"Escrito por\" \/>\n\t<meta name=\"twitter:data1\" content=\"mllibre\" \/>\n\t<meta name=\"twitter:label2\" content=\"Tiempo de lectura\" \/>\n\t<meta name=\"twitter:data2\" content=\"2 minutos\" \/>\n<script type=\"application\/ld+json\" class=\"yoast-schema-graph\">{\"@context\":\"https:\/\/schema.org\",\"@graph\":[{\"@type\":\"Article\",\"@id\":\"https:\/\/www.institutmacula.com\/es\/lente-intraocular-multifocal-cirugia-presbicia\/#article\",\"isPartOf\":{\"@id\":\"https:\/\/www.institutmacula.com\/es\/lente-intraocular-multifocal-cirugia-presbicia\/\"},\"author\":{\"name\":\"mllibre\",\"@id\":\"https:\/\/www.institutmacula.com\/es\/#\/schema\/person\/a686371d69fa87f058071b9d5a952536\"},\"headline\":\"Lente Intraocular Multifocal: Visi\u00f3n \u00d3ptima en Todas las Distancias\",\"datePublished\":\"2025-05-06T16:22:00+00:00\",\"dateModified\":\"2025-12-11T17:27:40+00:00\",\"mainEntityOfPage\":{\"@id\":\"https:\/\/www.institutmacula.com\/es\/lente-intraocular-multifocal-cirugia-presbicia\/\"},\"wordCount\":365,\"publisher\":{\"@id\":\"https:\/\/www.institutmacula.com\/es\/#organization\"},\"image\":{\"@id\":\"https:\/\/www.institutmacula.com\/es\/lente-intraocular-multifocal-cirugia-presbicia\/#primaryimage\"},\"thumbnailUrl\":\"https:\/\/www.institutmacula.com\/wp-content\/uploads\/2025\/12\/lente-intraocular-multifocal-presbicia.jpg\",\"articleSection\":[\"Noticias\"],\"inLanguage\":\"es\"},{\"@type\":\"WebPage\",\"@id\":\"https:\/\/www.institutmacula.com\/es\/lente-intraocular-multifocal-cirugia-presbicia\/\",\"url\":\"https:\/\/www.institutmacula.com\/es\/lente-intraocular-multifocal-cirugia-presbicia\/\",\"name\":\"Lente Intraocular Multifocal | Institut de la M\u00e0cula\",\"isPartOf\":{\"@id\":\"https:\/\/www.institutmacula.com\/es\/#website\"},\"primaryImageOfPage\":{\"@id\":\"https:\/\/www.institutmacula.com\/es\/lente-intraocular-multifocal-cirugia-presbicia\/#primaryimage\"},\"image\":{\"@id\":\"https:\/\/www.institutmacula.com\/es\/lente-intraocular-multifocal-cirugia-presbicia\/#primaryimage\"},\"thumbnailUrl\":\"https:\/\/www.institutmacula.com\/wp-content\/uploads\/2025\/12\/lente-intraocular-multifocal-presbicia.jpg\",\"datePublished\":\"2025-05-06T16:22:00+00:00\",\"dateModified\":\"2025-12-11T17:27:40+00:00\",\"description\":\"Corrige la presbicia, miop\u00eda e hipermetrop\u00eda con lentes intraoculares multifocales. Cirug\u00eda ambulatoria, r\u00e1pida recuperaci\u00f3n y adi\u00f3s a las gafas.\",\"breadcrumb\":{\"@id\":\"https:\/\/www.institutmacula.com\/es\/lente-intraocular-multifocal-cirugia-presbicia\/#breadcrumb\"},\"inLanguage\":\"es\",\"potentialAction\":[{\"@type\":\"ReadAction\",\"target\":[\"https:\/\/www.institutmacula.com\/es\/lente-intraocular-multifocal-cirugia-presbicia\/\"]}]},{\"@type\":\"ImageObject\",\"inLanguage\":\"es\",\"@id\":\"https:\/\/www.institutmacula.com\/es\/lente-intraocular-multifocal-cirugia-presbicia\/#primaryimage\",\"url\":\"https:\/\/www.institutmacula.com\/wp-content\/uploads\/2025\/12\/lente-intraocular-multifocal-presbicia.jpg\",\"contentUrl\":\"https:\/\/www.institutmacula.com\/wp-content\/uploads\/2025\/12\/lente-intraocular-multifocal-presbicia.jpg\",\"width\":570,\"height\":380},{\"@type\":\"BreadcrumbList\",\"@id\":\"https:\/\/www.institutmacula.com\/es\/lente-intraocular-multifocal-cirugia-presbicia\/#breadcrumb\",\"itemListElement\":[{\"@type\":\"ListItem\",\"position\":1,\"name\":\"Inici\",\"item\":\"https:\/\/www.institutmacula.com\/es\/\"},{\"@type\":\"ListItem\",\"position\":2,\"name\":\"Lente Intraocular Multifocal: Visi\u00f3n \u00d3ptima en Todas las Distancias\"}]},{\"@type\":\"WebSite\",\"@id\":\"https:\/\/www.institutmacula.com\/es\/#website\",\"url\":\"https:\/\/www.institutmacula.com\/es\/\",\"name\":\"Institut de la M\u00e0cula\",\"description\":\"Innovating Eye Care\",\"publisher\":{\"@id\":\"https:\/\/www.institutmacula.com\/es\/#organization\"},\"potentialAction\":[{\"@type\":\"SearchAction\",\"target\":{\"@type\":\"EntryPoint\",\"urlTemplate\":\"https:\/\/www.institutmacula.com\/es\/?s={search_term_string}\"},\"query-input\":{\"@type\":\"PropertyValueSpecification\",\"valueRequired\":true,\"valueName\":\"search_term_string\"}}],\"inLanguage\":\"es\"},{\"@type\":\"Organization\",\"@id\":\"https:\/\/www.institutmacula.com\/es\/#organization\",\"name\":\"Institut de la M\u00e0cula\",\"url\":\"https:\/\/www.institutmacula.com\/es\/\",\"logo\":{\"@type\":\"ImageObject\",\"inLanguage\":\"es\",\"@id\":\"https:\/\/www.institutmacula.com\/es\/#\/schema\/logo\/image\/\",\"url\":\"https:\/\/www.institutmacula.com\/wp-content\/uploads\/2024\/02\/logo-Institut-de-la-Macula-24.png\",\"contentUrl\":\"https:\/\/www.institutmacula.com\/wp-content\/uploads\/2024\/02\/logo-Institut-de-la-Macula-24.png\",\"width\":300,\"height\":120,\"caption\":\"Institut de la M\u00e0cula\"},\"image\":{\"@id\":\"https:\/\/www.institutmacula.com\/es\/#\/schema\/logo\/image\/\"}},{\"@type\":\"Person\",\"@id\":\"https:\/\/www.institutmacula.com\/es\/#\/schema\/person\/a686371d69fa87f058071b9d5a952536\",\"name\":\"mllibre\"}]}<\/script>\n<!-- \/ Yoast SEO plugin. -->","yoast_head_json":{"title":"Lente Intraocular Multifocal | Institut de la M\u00e0cula","description":"Corrige la presbicia, miop\u00eda e hipermetrop\u00eda con lentes intraoculares multifocales. Cirug\u00eda ambulatoria, r\u00e1pida recuperaci\u00f3n y adi\u00f3s a las gafas.","robots":{"index":"index","follow":"follow","max-snippet":"max-snippet:-1","max-image-preview":"max-image-preview:large","max-video-preview":"max-video-preview:-1"},"canonical":"https:\/\/www.institutmacula.com\/es\/lente-intraocular-multifocal-cirugia-presbicia\/","og_locale":"es_ES","og_type":"article","og_title":"Lente Intraocular Multifocal | Institut de la M\u00e0cula","og_description":"Corrige la presbicia, miop\u00eda e hipermetrop\u00eda con lentes intraoculares multifocales. Cirug\u00eda ambulatoria, r\u00e1pida recuperaci\u00f3n y adi\u00f3s a las gafas.","og_url":"https:\/\/www.institutmacula.com\/es\/lente-intraocular-multifocal-cirugia-presbicia\/","og_site_name":"Institut de la M\u00e0cula","article_published_time":"2025-05-06T16:22:00+00:00","article_modified_time":"2025-12-11T17:27:40+00:00","og_image":[{"width":570,"height":380,"url":"https:\/\/www.institutmacula.com\/wp-content\/uploads\/2025\/12\/lente-intraocular-multifocal-presbicia.jpg","type":"image\/jpeg"}],"author":"mllibre","twitter_card":"summary_large_image","twitter_misc":{"Escrito por":"mllibre","Tiempo de lectura":"2 minutos"},"schema":{"@context":"https:\/\/schema.org","@graph":[{"@type":"Article","@id":"https:\/\/www.institutmacula.com\/es\/lente-intraocular-multifocal-cirugia-presbicia\/#article","isPartOf":{"@id":"https:\/\/www.institutmacula.com\/es\/lente-intraocular-multifocal-cirugia-presbicia\/"},"author":{"name":"mllibre","@id":"https:\/\/www.institutmacula.com\/es\/#\/schema\/person\/a686371d69fa87f058071b9d5a952536"},"headline":"Lente Intraocular Multifocal: Visi\u00f3n \u00d3ptima en Todas las Distancias","datePublished":"2025-05-06T16:22:00+00:00","dateModified":"2025-12-11T17:27:40+00:00","mainEntityOfPage":{"@id":"https:\/\/www.institutmacula.com\/es\/lente-intraocular-multifocal-cirugia-presbicia\/"},"wordCount":365,"publisher":{"@id":"https:\/\/www.institutmacula.com\/es\/#organization"},"image":{"@id":"https:\/\/www.institutmacula.com\/es\/lente-intraocular-multifocal-cirugia-presbicia\/#primaryimage"},"thumbnailUrl":"https:\/\/www.institutmacula.com\/wp-content\/uploads\/2025\/12\/lente-intraocular-multifocal-presbicia.jpg","articleSection":["Noticias"],"inLanguage":"es"},{"@type":"WebPage","@id":"https:\/\/www.institutmacula.com\/es\/lente-intraocular-multifocal-cirugia-presbicia\/","url":"https:\/\/www.institutmacula.com\/es\/lente-intraocular-multifocal-cirugia-presbicia\/","name":"Lente Intraocular Multifocal | Institut de la M\u00e0cula","isPartOf":{"@id":"https:\/\/www.institutmacula.com\/es\/#website"},"primaryImageOfPage":{"@id":"https:\/\/www.institutmacula.com\/es\/lente-intraocular-multifocal-cirugia-presbicia\/#primaryimage"},"image":{"@id":"https:\/\/www.institutmacula.com\/es\/lente-intraocular-multifocal-cirugia-presbicia\/#primaryimage"},"thumbnailUrl":"https:\/\/www.institutmacula.com\/wp-content\/uploads\/2025\/12\/lente-intraocular-multifocal-presbicia.jpg","datePublished":"2025-05-06T16:22:00+00:00","dateModified":"2025-12-11T17:27:40+00:00","description":"Corrige la presbicia, miop\u00eda e hipermetrop\u00eda con lentes intraoculares multifocales. Cirug\u00eda ambulatoria, r\u00e1pida recuperaci\u00f3n y adi\u00f3s a las gafas.","breadcrumb":{"@id":"https:\/\/www.institutmacula.com\/es\/lente-intraocular-multifocal-cirugia-presbicia\/#breadcrumb"},"inLanguage":"es","potentialAction":[{"@type":"ReadAction","target":["https:\/\/www.institutmacula.com\/es\/lente-intraocular-multifocal-cirugia-presbicia\/"]}]},{"@type":"ImageObject","inLanguage":"es","@id":"https:\/\/www.institutmacula.com\/es\/lente-intraocular-multifocal-cirugia-presbicia\/#primaryimage","url":"https:\/\/www.institutmacula.com\/wp-content\/uploads\/2025\/12\/lente-intraocular-multifocal-presbicia.jpg","contentUrl":"https:\/\/www.institutmacula.com\/wp-content\/uploads\/2025\/12\/lente-intraocular-multifocal-presbicia.jpg","width":570,"height":380},{"@type":"BreadcrumbList","@id":"https:\/\/www.institutmacula.com\/es\/lente-intraocular-multifocal-cirugia-presbicia\/#breadcrumb","itemListElement":[{"@type":"ListItem","position":1,"name":"Inici","item":"https:\/\/www.institutmacula.com\/es\/"},{"@type":"ListItem","position":2,"name":"Lente Intraocular Multifocal: Visi\u00f3n \u00d3ptima en Todas las Distancias"}]},{"@type":"WebSite","@id":"https:\/\/www.institutmacula.com\/es\/#website","url":"https:\/\/www.institutmacula.com\/es\/","name":"Institut de la M\u00e0cula","description":"Innovating Eye Care","publisher":{"@id":"https:\/\/www.institutmacula.com\/es\/#organization"},"potentialAction":[{"@type":"SearchAction","target":{"@type":"EntryPoint","urlTemplate":"https:\/\/www.institutmacula.com\/es\/?s={search_term_string}"},"query-input":{"@type":"PropertyValueSpecification","valueRequired":true,"valueName":"search_term_string"}}],"inLanguage":"es"},{"@type":"Organization","@id":"https:\/\/www.institutmacula.com\/es\/#organization","name":"Institut de la M\u00e0cula","url":"https:\/\/www.institutmacula.com\/es\/","logo":{"@type":"ImageObject","inLanguage":"es","@id":"https:\/\/www.institutmacula.com\/es\/#\/schema\/logo\/image\/","url":"https:\/\/www.institutmacula.com\/wp-content\/uploads\/2024\/02\/logo-Institut-de-la-Macula-24.png","contentUrl":"https:\/\/www.institutmacula.com\/wp-content\/uploads\/2024\/02\/logo-Institut-de-la-Macula-24.png","width":300,"height":120,"caption":"Institut de la M\u00e0cula"},"image":{"@id":"https:\/\/www.institutmacula.com\/es\/#\/schema\/logo\/image\/"}},{"@type":"Person","@id":"https:\/\/www.institutmacula.com\/es\/#\/schema\/person\/a686371d69fa87f058071b9d5a952536","name":"mllibre"}]}},"_links":{"self":[{"href":"https:\/\/www.institutmacula.com\/es\/wp-json\/wp\/v2\/posts\/8274","targetHints":{"allow":["GET"]}}],"collection":[{"href":"https:\/\/www.institutmacula.com\/es\/wp-json\/wp\/v2\/posts"}],"about":[{"href":"https:\/\/www.institutmacula.com\/es\/wp-json\/wp\/v2\/types\/post"}],"author":[{"embeddable":true,"href":"https:\/\/www.institutmacula.com\/es\/wp-json\/wp\/v2\/users\/1"}],"replies":[{"embeddable":true,"href":"https:\/\/www.institutmacula.com\/es\/wp-json\/wp\/v2\/comments?post=8274"}],"version-history":[{"count":1,"href":"https:\/\/www.institutmacula.com\/es\/wp-json\/wp\/v2\/posts\/8274\/revisions"}],"predecessor-version":[{"id":8278,"href":"https:\/\/www.institutmacula.com\/es\/wp-json\/wp\/v2\/posts\/8274\/revisions\/8278"}],"wp:featuredmedia":[{"embeddable":true,"href":"https:\/\/www.institutmacula.com\/es\/wp-json\/wp\/v2\/media\/8275"}],"wp:attachment":[{"href":"https:\/\/www.institutmacula.com\/es\/wp-json\/wp\/v2\/media?parent=8274"}],"wp:term":[{"taxonomy":"category","embeddable":true,"href":"https:\/\/www.institutmacula.com\/es\/wp-json\/wp\/v2\/categories?post=8274"},{"taxonomy":"post_tag","embeddable":true,"href":"https:\/\/www.institutmacula.com\/es\/wp-json\/wp\/v2\/tags?post=8274"}],"curies":[{"name":"wp","href":"https:\/\/api.w.org\/{rel}","templated":true}]}}