{"id":8310,"date":"2026-01-26T23:11:52","date_gmt":"2026-01-26T22:11:52","guid":{"rendered":"https:\/\/www.institutmacula.com\/tractament-dmae-atrofica-frena-malaltia\/"},"modified":"2026-01-28T09:58:44","modified_gmt":"2026-01-28T08:58:44","slug":"tratamien-dmae-atrofica-frena-enfermedad","status":"publish","type":"post","link":"https:\/\/www.institutmacula.com\/es\/tratamien-dmae-atrofica-frena-enfermedad\/","title":{"rendered":"\u00abEl tratamiento que aplicamos a pacientes de DMAE atr\u00f3fica frena la enfermedad entre un 30 y un 50%\u00bb"},"content":{"rendered":"\t\t<div data-elementor-type=\"wp-post\" data-elementor-id=\"8310\" class=\"elementor elementor-8310 elementor-8304\" data-elementor-post-type=\"post\">\n\t\t\t\t\t\t<section class=\"elementor-section elementor-top-section elementor-element elementor-element-3aa9af3d elementor-section-boxed elementor-section-height-default elementor-section-height-default\" data-id=\"3aa9af3d\" data-element_type=\"section\" data-e-type=\"section\">\n\t\t\t\t\t\t<div class=\"elementor-container elementor-column-gap-default\">\n\t\t\t\t\t<div class=\"elementor-column elementor-col-100 elementor-top-column elementor-element elementor-element-1c26a408\" data-id=\"1c26a408\" data-element_type=\"column\" data-e-type=\"column\">\n\t\t\t<div class=\"elementor-widget-wrap elementor-element-populated\">\n\t\t\t\t\t\t<div class=\"elementor-element elementor-element-4bedaf35 elementor-widget elementor-widget-text-editor\" data-id=\"4bedaf35\" data-element_type=\"widget\" data-e-type=\"widget\" data-widget_type=\"text-editor.default\">\n\t\t\t\t<div class=\"elementor-widget-container\">\n\t\t\t\t\t\t\t\t\t<iframe src=\"https:\/\/www.ivoox.com\/player_es_podcast_3104594_zp_1.html?c1=0a2b80\" width=\"100%\" height=\"400\" frameborder=\"0\" allowfullscreen=\"\" scrolling=\"no\" loading=\"lazy\"><\/iframe>\n<p>El Dr. Jordi Mon\u00e9s, director del Institut de la M\u00e0cula, ha explicado en el programa\u00a0<em>Diga-li Ciencia<\/em>\u00a0de Radio 4 que los pacientes con degeneraci\u00f3n macular asociada a la edad (DMAE) atr\u00f3fica seleccionados en su consulta responden al tratamiento con resultados que \u00abfrenan la enfermedad entre un 30 y un 50%\u00bb, un \u00e9xito que supera las expectativas de los ensayos cl\u00ednicos originales \u2014que eran el 20%. Se trata del f\u00e1rmaco pegcetacoplan (Syfovre, el nombre comercial), aprobado por la FDA en Estados Unidos en febrero de 2023 y que el Instituto de la M\u00e1cula importa de manera personalizada para los pacientes escogidos seg\u00fan el cribado experto del equipo del Dr. Mon\u00e9s, con el visto bueno del Ministerio espa\u00f1ol de Sanidad.<\/p>\n\n\n\n<p>La DMAE atr\u00f3fica es, para el Dr. Mon\u00e9s, \u00abla forma terminal\u00bb de la degeneraci\u00f3n macular. Como ha explicado en la entrevista, la enfermedad es extremadamente heterog\u00e9nea: \u00abCon la DMAE atr\u00f3fica, hay muchas de evoluciones, pron\u00f3sticos, respuestas\u2026 algunas reaccionan al tratamiento, otras no\u00bb. La forma atr\u00f3fica ha estado durante d\u00e9cadas sin opciones terap\u00e9uticas, en una din\u00e1mica en la que \u00abla retina se muere, y resucitar algo que se est\u00e1 muriendo es como intentar que una persona no se muera de envejecimiento\u00bb.<\/p>\n\n\n\n<p>La principal dificultad est\u00e1 en la esencia de la enfermedad. A diferencia de la forma exudativa \u2014con vasos sangu\u00edneos anormales que se pueden inhibir y que, seg\u00fan sostiene el Dr. Mon\u00e9s desde hace a\u00f1os, es \u00abuna defensa\u00bb del organismo del paciente ante la amenaza de la enfermedad\u2014 la atr\u00f3fica implica la muerte del tejido de la retina. \u00abSi t\u00fa eres capaz de inhibir los vasos anormales, te queda la retina. Cuando la retina misma se te muere, tienes que hacer el boca a boca a esas c\u00e9lulas. Eso es muy, muy complicado\u00bb.<\/p>\n\n\n\n<h3 class=\"wp-block-heading\">Contra la \u201ccascada inflamatoria\u201d de la DMAE<\/h3>\n\n\n\n<p>El f\u00e1rmaco es \u00abuna especie de anticuerpo que bloquea el sistema del complemento\u00bb, una cascada bioqu\u00edmica que regula la inflamaci\u00f3n del cuerpo. Seg\u00fan Mon\u00e9s, el problema en la DMAE es que esta cascada inflamatoria se activa de forma patol\u00f3gica contra los tejidos. \u00abImag\u00ednate que t\u00fa tienes un cami\u00f3n con 10 aceleradores y 10 frenos, y entre todos, consigues que el cami\u00f3n no se mueva. Pero si hay un freno que frena poco o un acelerador que acelera demasiado, ese cami\u00f3n se mueve, y no deber\u00eda moverse\u00bb.<\/p>\n\n\n\n<p>Los f\u00e1rmacos aprobados buscan desactivar esta cascada an\u00f3mala de inflamaci\u00f3n a diferentes niveles. De hecho, hay dos medicamentos muy similares desarrollados por farmac\u00e9uticas diferentes, y el director del Institut de la M\u00e0cula particip\u00f3 \u00aben la g\u00e9nesis del primero\u00bb, en 2006. \u00abLa v\u00eda del complemento, modular el complemento, es actualmente la v\u00eda que la mayor\u00eda de los tratamientos para la DMAE intentan investigar\u00bb, sintetiza.<\/p>\n\n\n\n<h3 class=\"wp-block-heading\"><strong>La importancia de la selecci\u00f3n de pacientes<\/strong><\/h3>\n\n\n\n<p>El Institut aplica el tratamiento solo a pacientes con perfil espec\u00edfico, lo que explica por qu\u00e9 los resultados superan las estad\u00edsticas globales. \u00abLos ensayos han recogido un rango de personas muy heterog\u00e9neo y han escogido personas cuya enfermedad progresa de una manera muy r\u00e1pida, y otras a quienes la enfermedad les va muy lenta. No han subseleccionado los pacientes de mayor riesgo, y por eso el resultado global ha sido no muy impresionante\u00bb.<\/p>\n\n\n\n<p>Para los pacientes seleccionados en el centro, que son aquellos que sufren una progresi\u00f3n muy agresiva de la enfermedad, los resultados son significativamente mejores. Mon\u00e9s remarca que este cribaje preciso es esencial: \u00abNo todos los pacientes responden igual; la selecci\u00f3n es clave\u00bb.<\/p>\n\n\n\n<p>El Institut obtiene el f\u00e1rmaco mediante importaci\u00f3n individualizada desde los Estados Unidos, con autorizaci\u00f3n del Ministerio de Sanidad. El doctor debe informar de manera exhaustiva a cada paciente que \u00abEuropa ha decidido que este f\u00e1rmaco no es bueno, pero su doctor considera que s\u00ed lo es\u00bb. Hasta ahora, los resultados han justificado la decisi\u00f3n.<\/p>\n\n\n\n<p>&nbsp;<\/p>\n\t\t\t\t\t\t\t\t<\/div>\n\t\t\t\t<\/div>\n\t\t\t\t\t<\/div>\n\t\t<\/div>\n\t\t\t\t\t<\/div>\n\t\t<\/section>\n\t\t\t\t<\/div>\n\t\t","protected":false},"excerpt":{"rendered":"<p>El Dr. Jordi Mon\u00e9s, director del Institut de la M\u00e0cula, ha explicado en el programa\u00a0Diga-li Ciencia\u00a0de Radio 4 que los pacientes con degeneraci\u00f3n macular asociada a la edad (DMAE) atr\u00f3fica seleccionados en su consulta responden al tratamiento con resultados que \u00abfrenan la enfermedad entre un 30 y un 50%\u00bb, un \u00e9xito que supera las expectativas [&hellip;]<\/p>\n","protected":false},"author":3,"featured_media":8307,"comment_status":"closed","ping_status":"closed","sticky":false,"template":"","format":"standard","meta":{"_acf_changed":false,"site-sidebar-layout":"default","site-content-layout":"","ast-site-content-layout":"default","site-content-style":"default","site-sidebar-style":"default","ast-global-header-display":"","ast-banner-title-visibility":"","ast-main-header-display":"","ast-hfb-above-header-display":"","ast-hfb-below-header-display":"","ast-hfb-mobile-header-display":"","site-post-title":"","ast-breadcrumbs-content":"","ast-featured-img":"","footer-sml-layout":"","ast-disable-related-posts":"","theme-transparent-header-meta":"","adv-header-id-meta":"","stick-header-meta":"","header-above-stick-meta":"","header-main-stick-meta":"","header-below-stick-meta":"","astra-migrate-meta-layouts":"set","ast-page-background-enabled":"default","ast-page-background-meta":{"desktop":{"background-color":"var(--ast-global-color-4)","background-image":"","background-repeat":"repeat","background-position":"center center","background-size":"auto","background-attachment":"scroll","background-type":"","background-media":"","overlay-type":"","overlay-color":"","overlay-opacity":"","overlay-gradient":""},"tablet":{"background-color":"","background-image":"","background-repeat":"repeat","background-position":"center center","background-size":"auto","background-attachment":"scroll","background-type":"","background-media":"","overlay-type":"","overlay-color":"","overlay-opacity":"","overlay-gradient":""},"mobile":{"background-color":"","background-image":"","background-repeat":"repeat","background-position":"center center","background-size":"auto","background-attachment":"scroll","background-type":"","background-media":"","overlay-type":"","overlay-color":"","overlay-opacity":"","overlay-gradient":""}},"ast-content-background-meta":{"desktop":{"background-color":"var(--ast-global-color-5)","background-image":"","background-repeat":"repeat","background-position":"center center","background-size":"auto","background-attachment":"scroll","background-type":"","background-media":"","overlay-type":"","overlay-color":"","overlay-opacity":"","overlay-gradient":""},"tablet":{"background-color":"var(--ast-global-color-5)","background-image":"","background-repeat":"repeat","background-position":"center center","background-size":"auto","background-attachment":"scroll","background-type":"","background-media":"","overlay-type":"","overlay-color":"","overlay-opacity":"","overlay-gradient":""},"mobile":{"background-color":"var(--ast-global-color-5)","background-image":"","background-repeat":"repeat","background-position":"center center","background-size":"auto","background-attachment":"scroll","background-type":"","background-media":"","overlay-type":"","overlay-color":"","overlay-opacity":"","overlay-gradient":""}},"footnotes":""},"categories":[23,33],"tags":[72,73,74,75],"class_list":["post-8310","post","type-post","status-publish","format-standard","has-post-thumbnail","hentry","category-home","category-noticias","tag-atrofia-geografica","tag-dmae","tag-dmae-atrofica","tag-geographic-atrophy"],"acf":[],"yoast_head":"<!-- This site is optimized with the Yoast SEO plugin v26.9 - https:\/\/yoast.com\/product\/yoast-seo-wordpress\/ -->\n<title>Aplicamos el f\u00e1rmaco que frena la DMAE atr\u00f3fica<\/title>\n<meta name=\"description\" content=\"El Dr. Jordi Mon\u00e9s explica en &quot;Diga-li Ci\u00e8ncia&quot; de R\u00e0dio 4 c\u00f3mo ha conseguido que el Institut de la M\u00e0cula aplique el Syfovre, el f\u00e1rmaco aprobado contra la DMAE atr\u00f3fica en los Estados Unidos.\" \/>\n<meta name=\"robots\" content=\"index, follow, max-snippet:-1, max-image-preview:large, max-video-preview:-1\" \/>\n<link rel=\"canonical\" href=\"https:\/\/www.institutmacula.com\/es\/tratamien-dmae-atrofica-frena-enfermedad\/\" \/>\n<meta property=\"og:locale\" content=\"es_ES\" \/>\n<meta property=\"og:type\" content=\"article\" \/>\n<meta property=\"og:title\" content=\"Aplicamos el f\u00e1rmaco que frena la DMAE atr\u00f3fica\" \/>\n<meta property=\"og:description\" content=\"El Dr. Jordi Mon\u00e9s explica en &quot;Diga-li Ci\u00e8ncia&quot; de R\u00e0dio 4 c\u00f3mo ha conseguido que el Institut de la M\u00e0cula aplique el Syfovre, el f\u00e1rmaco aprobado contra la DMAE atr\u00f3fica en los Estados Unidos.\" \/>\n<meta property=\"og:url\" content=\"https:\/\/www.institutmacula.com\/es\/tratamien-dmae-atrofica-frena-enfermedad\/\" \/>\n<meta property=\"og:site_name\" content=\"Institut de la M\u00e0cula\" \/>\n<meta property=\"article:published_time\" content=\"2026-01-26T22:11:52+00:00\" \/>\n<meta property=\"article:modified_time\" content=\"2026-01-28T08:58:44+00:00\" \/>\n<meta property=\"og:image\" content=\"https:\/\/www.institutmacula.com\/wp-content\/uploads\/2026\/01\/JM-RNE-2026-2.jpg\" \/>\n\t<meta property=\"og:image:width\" content=\"2084\" \/>\n\t<meta property=\"og:image:height\" content=\"2316\" \/>\n\t<meta property=\"og:image:type\" content=\"image\/jpeg\" \/>\n<meta name=\"author\" content=\"maties\" \/>\n<meta name=\"twitter:card\" content=\"summary_large_image\" \/>\n<meta name=\"twitter:label1\" content=\"Escrito por\" \/>\n\t<meta name=\"twitter:data1\" content=\"maties\" \/>\n\t<meta name=\"twitter:label2\" content=\"Tiempo de lectura\" \/>\n\t<meta name=\"twitter:data2\" content=\"3 minutos\" \/>\n<script type=\"application\/ld+json\" class=\"yoast-schema-graph\">{\"@context\":\"https:\/\/schema.org\",\"@graph\":[{\"@type\":\"Article\",\"@id\":\"https:\/\/www.institutmacula.com\/es\/tratamien-dmae-atrofica-frena-enfermedad\/#article\",\"isPartOf\":{\"@id\":\"https:\/\/www.institutmacula.com\/es\/tratamien-dmae-atrofica-frena-enfermedad\/\"},\"author\":{\"name\":\"maties\",\"@id\":\"https:\/\/www.institutmacula.com\/es\/#\/schema\/person\/7132d3f447c8d1fc4507e3c9f72dcfaa\"},\"headline\":\"\u00abEl tratamiento que aplicamos a pacientes de DMAE atr\u00f3fica frena la enfermedad entre un 30 y un 50%\u00bb\",\"datePublished\":\"2026-01-26T22:11:52+00:00\",\"dateModified\":\"2026-01-28T08:58:44+00:00\",\"mainEntityOfPage\":{\"@id\":\"https:\/\/www.institutmacula.com\/es\/tratamien-dmae-atrofica-frena-enfermedad\/\"},\"wordCount\":692,\"publisher\":{\"@id\":\"https:\/\/www.institutmacula.com\/es\/#organization\"},\"image\":{\"@id\":\"https:\/\/www.institutmacula.com\/es\/tratamien-dmae-atrofica-frena-enfermedad\/#primaryimage\"},\"thumbnailUrl\":\"https:\/\/www.institutmacula.com\/wp-content\/uploads\/2026\/01\/JM-RNE-2026-2.jpg\",\"keywords\":[\"Atr\u00f2fia Geogr\u00e0fica\",\"DMAE\",\"DMAE atr\u00f2fica\",\"Geographic Atrophy\"],\"articleSection\":[\"Home\",\"Noticias\"],\"inLanguage\":\"es\"},{\"@type\":\"WebPage\",\"@id\":\"https:\/\/www.institutmacula.com\/es\/tratamien-dmae-atrofica-frena-enfermedad\/\",\"url\":\"https:\/\/www.institutmacula.com\/es\/tratamien-dmae-atrofica-frena-enfermedad\/\",\"name\":\"Aplicamos el f\u00e1rmaco que frena la DMAE atr\u00f3fica\",\"isPartOf\":{\"@id\":\"https:\/\/www.institutmacula.com\/es\/#website\"},\"primaryImageOfPage\":{\"@id\":\"https:\/\/www.institutmacula.com\/es\/tratamien-dmae-atrofica-frena-enfermedad\/#primaryimage\"},\"image\":{\"@id\":\"https:\/\/www.institutmacula.com\/es\/tratamien-dmae-atrofica-frena-enfermedad\/#primaryimage\"},\"thumbnailUrl\":\"https:\/\/www.institutmacula.com\/wp-content\/uploads\/2026\/01\/JM-RNE-2026-2.jpg\",\"datePublished\":\"2026-01-26T22:11:52+00:00\",\"dateModified\":\"2026-01-28T08:58:44+00:00\",\"description\":\"El Dr. Jordi Mon\u00e9s explica en \\\"Diga-li Ci\u00e8ncia\\\" de R\u00e0dio 4 c\u00f3mo ha conseguido que el Institut de la M\u00e0cula aplique el Syfovre, el f\u00e1rmaco aprobado contra la DMAE atr\u00f3fica en los Estados Unidos.\",\"breadcrumb\":{\"@id\":\"https:\/\/www.institutmacula.com\/es\/tratamien-dmae-atrofica-frena-enfermedad\/#breadcrumb\"},\"inLanguage\":\"es\",\"potentialAction\":[{\"@type\":\"ReadAction\",\"target\":[\"https:\/\/www.institutmacula.com\/es\/tratamien-dmae-atrofica-frena-enfermedad\/\"]}]},{\"@type\":\"ImageObject\",\"inLanguage\":\"es\",\"@id\":\"https:\/\/www.institutmacula.com\/es\/tratamien-dmae-atrofica-frena-enfermedad\/#primaryimage\",\"url\":\"https:\/\/www.institutmacula.com\/wp-content\/uploads\/2026\/01\/JM-RNE-2026-2.jpg\",\"contentUrl\":\"https:\/\/www.institutmacula.com\/wp-content\/uploads\/2026\/01\/JM-RNE-2026-2.jpg\",\"width\":2084,\"height\":2316},{\"@type\":\"BreadcrumbList\",\"@id\":\"https:\/\/www.institutmacula.com\/es\/tratamien-dmae-atrofica-frena-enfermedad\/#breadcrumb\",\"itemListElement\":[{\"@type\":\"ListItem\",\"position\":1,\"name\":\"Inici\",\"item\":\"https:\/\/www.institutmacula.com\/es\/\"},{\"@type\":\"ListItem\",\"position\":2,\"name\":\"\u00abEl tratamiento que aplicamos a pacientes de DMAE atr\u00f3fica frena la enfermedad entre un 30 y un 50%\u00bb\"}]},{\"@type\":\"WebSite\",\"@id\":\"https:\/\/www.institutmacula.com\/es\/#website\",\"url\":\"https:\/\/www.institutmacula.com\/es\/\",\"name\":\"Institut de la M\u00e0cula\",\"description\":\"Innovating Eye Care\",\"publisher\":{\"@id\":\"https:\/\/www.institutmacula.com\/es\/#organization\"},\"potentialAction\":[{\"@type\":\"SearchAction\",\"target\":{\"@type\":\"EntryPoint\",\"urlTemplate\":\"https:\/\/www.institutmacula.com\/es\/?s={search_term_string}\"},\"query-input\":{\"@type\":\"PropertyValueSpecification\",\"valueRequired\":true,\"valueName\":\"search_term_string\"}}],\"inLanguage\":\"es\"},{\"@type\":\"Organization\",\"@id\":\"https:\/\/www.institutmacula.com\/es\/#organization\",\"name\":\"Institut de la M\u00e0cula\",\"url\":\"https:\/\/www.institutmacula.com\/es\/\",\"logo\":{\"@type\":\"ImageObject\",\"inLanguage\":\"es\",\"@id\":\"https:\/\/www.institutmacula.com\/es\/#\/schema\/logo\/image\/\",\"url\":\"https:\/\/www.institutmacula.com\/wp-content\/uploads\/2024\/02\/logo-Institut-de-la-Macula-24.png\",\"contentUrl\":\"https:\/\/www.institutmacula.com\/wp-content\/uploads\/2024\/02\/logo-Institut-de-la-Macula-24.png\",\"width\":300,\"height\":120,\"caption\":\"Institut de la M\u00e0cula\"},\"image\":{\"@id\":\"https:\/\/www.institutmacula.com\/es\/#\/schema\/logo\/image\/\"}},{\"@type\":\"Person\",\"@id\":\"https:\/\/www.institutmacula.com\/es\/#\/schema\/person\/7132d3f447c8d1fc4507e3c9f72dcfaa\",\"name\":\"maties\"}]}<\/script>\n<!-- \/ Yoast SEO plugin. -->","yoast_head_json":{"title":"Aplicamos el f\u00e1rmaco que frena la DMAE atr\u00f3fica","description":"El Dr. Jordi Mon\u00e9s explica en \"Diga-li Ci\u00e8ncia\" de R\u00e0dio 4 c\u00f3mo ha conseguido que el Institut de la M\u00e0cula aplique el Syfovre, el f\u00e1rmaco aprobado contra la DMAE atr\u00f3fica en los Estados Unidos.","robots":{"index":"index","follow":"follow","max-snippet":"max-snippet:-1","max-image-preview":"max-image-preview:large","max-video-preview":"max-video-preview:-1"},"canonical":"https:\/\/www.institutmacula.com\/es\/tratamien-dmae-atrofica-frena-enfermedad\/","og_locale":"es_ES","og_type":"article","og_title":"Aplicamos el f\u00e1rmaco que frena la DMAE atr\u00f3fica","og_description":"El Dr. Jordi Mon\u00e9s explica en \"Diga-li Ci\u00e8ncia\" de R\u00e0dio 4 c\u00f3mo ha conseguido que el Institut de la M\u00e0cula aplique el Syfovre, el f\u00e1rmaco aprobado contra la DMAE atr\u00f3fica en los Estados Unidos.","og_url":"https:\/\/www.institutmacula.com\/es\/tratamien-dmae-atrofica-frena-enfermedad\/","og_site_name":"Institut de la M\u00e0cula","article_published_time":"2026-01-26T22:11:52+00:00","article_modified_time":"2026-01-28T08:58:44+00:00","og_image":[{"width":2084,"height":2316,"url":"https:\/\/www.institutmacula.com\/wp-content\/uploads\/2026\/01\/JM-RNE-2026-2.jpg","type":"image\/jpeg"}],"author":"maties","twitter_card":"summary_large_image","twitter_misc":{"Escrito por":"maties","Tiempo de lectura":"3 minutos"},"schema":{"@context":"https:\/\/schema.org","@graph":[{"@type":"Article","@id":"https:\/\/www.institutmacula.com\/es\/tratamien-dmae-atrofica-frena-enfermedad\/#article","isPartOf":{"@id":"https:\/\/www.institutmacula.com\/es\/tratamien-dmae-atrofica-frena-enfermedad\/"},"author":{"name":"maties","@id":"https:\/\/www.institutmacula.com\/es\/#\/schema\/person\/7132d3f447c8d1fc4507e3c9f72dcfaa"},"headline":"\u00abEl tratamiento que aplicamos a pacientes de DMAE atr\u00f3fica frena la enfermedad entre un 30 y un 50%\u00bb","datePublished":"2026-01-26T22:11:52+00:00","dateModified":"2026-01-28T08:58:44+00:00","mainEntityOfPage":{"@id":"https:\/\/www.institutmacula.com\/es\/tratamien-dmae-atrofica-frena-enfermedad\/"},"wordCount":692,"publisher":{"@id":"https:\/\/www.institutmacula.com\/es\/#organization"},"image":{"@id":"https:\/\/www.institutmacula.com\/es\/tratamien-dmae-atrofica-frena-enfermedad\/#primaryimage"},"thumbnailUrl":"https:\/\/www.institutmacula.com\/wp-content\/uploads\/2026\/01\/JM-RNE-2026-2.jpg","keywords":["Atr\u00f2fia Geogr\u00e0fica","DMAE","DMAE atr\u00f2fica","Geographic Atrophy"],"articleSection":["Home","Noticias"],"inLanguage":"es"},{"@type":"WebPage","@id":"https:\/\/www.institutmacula.com\/es\/tratamien-dmae-atrofica-frena-enfermedad\/","url":"https:\/\/www.institutmacula.com\/es\/tratamien-dmae-atrofica-frena-enfermedad\/","name":"Aplicamos el f\u00e1rmaco que frena la DMAE atr\u00f3fica","isPartOf":{"@id":"https:\/\/www.institutmacula.com\/es\/#website"},"primaryImageOfPage":{"@id":"https:\/\/www.institutmacula.com\/es\/tratamien-dmae-atrofica-frena-enfermedad\/#primaryimage"},"image":{"@id":"https:\/\/www.institutmacula.com\/es\/tratamien-dmae-atrofica-frena-enfermedad\/#primaryimage"},"thumbnailUrl":"https:\/\/www.institutmacula.com\/wp-content\/uploads\/2026\/01\/JM-RNE-2026-2.jpg","datePublished":"2026-01-26T22:11:52+00:00","dateModified":"2026-01-28T08:58:44+00:00","description":"El Dr. Jordi Mon\u00e9s explica en \"Diga-li Ci\u00e8ncia\" de R\u00e0dio 4 c\u00f3mo ha conseguido que el Institut de la M\u00e0cula aplique el Syfovre, el f\u00e1rmaco aprobado contra la DMAE atr\u00f3fica en los Estados Unidos.","breadcrumb":{"@id":"https:\/\/www.institutmacula.com\/es\/tratamien-dmae-atrofica-frena-enfermedad\/#breadcrumb"},"inLanguage":"es","potentialAction":[{"@type":"ReadAction","target":["https:\/\/www.institutmacula.com\/es\/tratamien-dmae-atrofica-frena-enfermedad\/"]}]},{"@type":"ImageObject","inLanguage":"es","@id":"https:\/\/www.institutmacula.com\/es\/tratamien-dmae-atrofica-frena-enfermedad\/#primaryimage","url":"https:\/\/www.institutmacula.com\/wp-content\/uploads\/2026\/01\/JM-RNE-2026-2.jpg","contentUrl":"https:\/\/www.institutmacula.com\/wp-content\/uploads\/2026\/01\/JM-RNE-2026-2.jpg","width":2084,"height":2316},{"@type":"BreadcrumbList","@id":"https:\/\/www.institutmacula.com\/es\/tratamien-dmae-atrofica-frena-enfermedad\/#breadcrumb","itemListElement":[{"@type":"ListItem","position":1,"name":"Inici","item":"https:\/\/www.institutmacula.com\/es\/"},{"@type":"ListItem","position":2,"name":"\u00abEl tratamiento que aplicamos a pacientes de DMAE atr\u00f3fica frena la enfermedad entre un 30 y un 50%\u00bb"}]},{"@type":"WebSite","@id":"https:\/\/www.institutmacula.com\/es\/#website","url":"https:\/\/www.institutmacula.com\/es\/","name":"Institut de la M\u00e0cula","description":"Innovating Eye Care","publisher":{"@id":"https:\/\/www.institutmacula.com\/es\/#organization"},"potentialAction":[{"@type":"SearchAction","target":{"@type":"EntryPoint","urlTemplate":"https:\/\/www.institutmacula.com\/es\/?s={search_term_string}"},"query-input":{"@type":"PropertyValueSpecification","valueRequired":true,"valueName":"search_term_string"}}],"inLanguage":"es"},{"@type":"Organization","@id":"https:\/\/www.institutmacula.com\/es\/#organization","name":"Institut de la M\u00e0cula","url":"https:\/\/www.institutmacula.com\/es\/","logo":{"@type":"ImageObject","inLanguage":"es","@id":"https:\/\/www.institutmacula.com\/es\/#\/schema\/logo\/image\/","url":"https:\/\/www.institutmacula.com\/wp-content\/uploads\/2024\/02\/logo-Institut-de-la-Macula-24.png","contentUrl":"https:\/\/www.institutmacula.com\/wp-content\/uploads\/2024\/02\/logo-Institut-de-la-Macula-24.png","width":300,"height":120,"caption":"Institut de la M\u00e0cula"},"image":{"@id":"https:\/\/www.institutmacula.com\/es\/#\/schema\/logo\/image\/"}},{"@type":"Person","@id":"https:\/\/www.institutmacula.com\/es\/#\/schema\/person\/7132d3f447c8d1fc4507e3c9f72dcfaa","name":"maties"}]}},"_links":{"self":[{"href":"https:\/\/www.institutmacula.com\/es\/wp-json\/wp\/v2\/posts\/8310","targetHints":{"allow":["GET"]}}],"collection":[{"href":"https:\/\/www.institutmacula.com\/es\/wp-json\/wp\/v2\/posts"}],"about":[{"href":"https:\/\/www.institutmacula.com\/es\/wp-json\/wp\/v2\/types\/post"}],"author":[{"embeddable":true,"href":"https:\/\/www.institutmacula.com\/es\/wp-json\/wp\/v2\/users\/3"}],"replies":[{"embeddable":true,"href":"https:\/\/www.institutmacula.com\/es\/wp-json\/wp\/v2\/comments?post=8310"}],"version-history":[{"count":5,"href":"https:\/\/www.institutmacula.com\/es\/wp-json\/wp\/v2\/posts\/8310\/revisions"}],"predecessor-version":[{"id":8325,"href":"https:\/\/www.institutmacula.com\/es\/wp-json\/wp\/v2\/posts\/8310\/revisions\/8325"}],"wp:featuredmedia":[{"embeddable":true,"href":"https:\/\/www.institutmacula.com\/es\/wp-json\/wp\/v2\/media\/8307"}],"wp:attachment":[{"href":"https:\/\/www.institutmacula.com\/es\/wp-json\/wp\/v2\/media?parent=8310"}],"wp:term":[{"taxonomy":"category","embeddable":true,"href":"https:\/\/www.institutmacula.com\/es\/wp-json\/wp\/v2\/categories?post=8310"},{"taxonomy":"post_tag","embeddable":true,"href":"https:\/\/www.institutmacula.com\/es\/wp-json\/wp\/v2\/tags?post=8310"}],"curies":[{"name":"wp","href":"https:\/\/api.w.org\/{rel}","templated":true}]}}