{"id":8331,"date":"2024-04-19T11:15:00","date_gmt":"2024-04-19T09:15:00","guid":{"rendered":"https:\/\/www.institutmacula.com\/?p=8331"},"modified":"2026-01-28T11:23:42","modified_gmt":"2026-01-28T10:23:42","slug":"jornada-cribado-glaucoma-familiares","status":"publish","type":"post","link":"https:\/\/www.institutmacula.com\/es\/jornada-cribado-glaucoma-familiares\/","title":{"rendered":"Jornada de Cribado de Glaucoma para familiares de pacientes"},"content":{"rendered":"\n<p><strong>D\u00eda 1 de marzo, jornada de cribado del glaucoma para los familiares de nuestros pacientes<\/strong><\/p>\n\n\n\n<p><strong>La detecci\u00f3n precoz de esta patolog\u00eda les puede salvar la visi\u00f3n<\/strong><\/p>\n\n\n\n<p><strong>Una de cada dos personas con glaucoma desconoce que tiene esta enfermedad.&nbsp;<\/strong>Es una patolog\u00eda asintom\u00e1tica: no avisa y, si no se trata, provoca p\u00e9rdida de visi\u00f3n y ceguera. Los da\u00f1os del glaucoma son irrecuperables. Por eso dedicamos el pr\u00f3ximo 1 de marzo, viernes, al diagn\u00f3stico precoz del glaucoma.<strong>&nbsp;La jornada, a las puertas del D\u00eda Internacional de esta enfermedad, est\u00e1 abierta a los familiares de los pacientes del Institut de la M\u00e0cula&nbsp;<\/strong>y las pruebas de cribado del glaucoma ir\u00e1n a nuestro cargo.<br><strong>Solo tienen que ponerse en contacto con el Institut de la M\u00e0cula llamando por tel\u00e9fono al 93 595 01 55 o tambi\u00e9n por whatsapp.<\/strong><\/p>\n\n\n\n<p>Porque detectar a tiempo el glaucoma les puede salvar la visi\u00f3n.<\/p>\n\n\n\n<p><\/p>\n","protected":false},"excerpt":{"rendered":"<p>D\u00eda 1 de marzo, jornada de cribado del glaucoma para los familiares de nuestros pacientes La detecci\u00f3n precoz de esta patolog\u00eda les puede salvar la visi\u00f3n Una de cada dos personas con glaucoma desconoce que tiene esta enfermedad.&nbsp;Es una patolog\u00eda asintom\u00e1tica: no avisa y, si no se trata, provoca p\u00e9rdida de visi\u00f3n y ceguera. Los [&hellip;]<\/p>\n","protected":false},"author":1,"featured_media":8330,"comment_status":"closed","ping_status":"closed","sticky":false,"template":"","format":"standard","meta":{"_acf_changed":false,"site-sidebar-layout":"default","site-content-layout":"","ast-site-content-layout":"default","site-content-style":"default","site-sidebar-style":"default","ast-global-header-display":"","ast-banner-title-visibility":"","ast-main-header-display":"","ast-hfb-above-header-display":"","ast-hfb-below-header-display":"","ast-hfb-mobile-header-display":"","site-post-title":"","ast-breadcrumbs-content":"","ast-featured-img":"","footer-sml-layout":"","ast-disable-related-posts":"","theme-transparent-header-meta":"","adv-header-id-meta":"","stick-header-meta":"","header-above-stick-meta":"","header-main-stick-meta":"","header-below-stick-meta":"","astra-migrate-meta-layouts":"set","ast-page-background-enabled":"default","ast-page-background-meta":{"desktop":{"background-color":"var(--ast-global-color-4)","background-image":"","background-repeat":"repeat","background-position":"center center","background-size":"auto","background-attachment":"scroll","background-type":"","background-media":"","overlay-type":"","overlay-color":"","overlay-opacity":"","overlay-gradient":""},"tablet":{"background-color":"","background-image":"","background-repeat":"repeat","background-position":"center center","background-size":"auto","background-attachment":"scroll","background-type":"","background-media":"","overlay-type":"","overlay-color":"","overlay-opacity":"","overlay-gradient":""},"mobile":{"background-color":"","background-image":"","background-repeat":"repeat","background-position":"center center","background-size":"auto","background-attachment":"scroll","background-type":"","background-media":"","overlay-type":"","overlay-color":"","overlay-opacity":"","overlay-gradient":""}},"ast-content-background-meta":{"desktop":{"background-color":"var(--ast-global-color-5)","background-image":"","background-repeat":"repeat","background-position":"center center","background-size":"auto","background-attachment":"scroll","background-type":"","background-media":"","overlay-type":"","overlay-color":"","overlay-opacity":"","overlay-gradient":""},"tablet":{"background-color":"var(--ast-global-color-5)","background-image":"","background-repeat":"repeat","background-position":"center center","background-size":"auto","background-attachment":"scroll","background-type":"","background-media":"","overlay-type":"","overlay-color":"","overlay-opacity":"","overlay-gradient":""},"mobile":{"background-color":"var(--ast-global-color-5)","background-image":"","background-repeat":"repeat","background-position":"center center","background-size":"auto","background-attachment":"scroll","background-type":"","background-media":"","overlay-type":"","overlay-color":"","overlay-opacity":"","overlay-gradient":""}},"footnotes":""},"categories":[33],"tags":[],"class_list":["post-8331","post","type-post","status-publish","format-standard","has-post-thumbnail","hentry","category-noticias"],"acf":[],"yoast_head":"<!-- This site is optimized with the Yoast SEO plugin v26.9 - https:\/\/yoast.com\/product\/yoast-seo-wordpress\/ -->\n<title>Jornada Cribado Glaucoma | Institut de la M\u00e0cula<\/title>\n<meta name=\"description\" content=\"Cribado de glaucoma para familiares el 1 de marzo. Diagn\u00f3stico precoz gratuito en el Institut de la M\u00e0cula para proteger la salud ocular de los suyos.\" \/>\n<meta name=\"robots\" content=\"index, follow, max-snippet:-1, max-image-preview:large, max-video-preview:-1\" \/>\n<link rel=\"canonical\" href=\"https:\/\/www.institutmacula.com\/es\/jornada-cribado-glaucoma-familiares\/\" \/>\n<meta property=\"og:locale\" content=\"es_ES\" \/>\n<meta property=\"og:type\" content=\"article\" \/>\n<meta property=\"og:title\" content=\"Jornada Cribado Glaucoma | Institut de la M\u00e0cula\" \/>\n<meta property=\"og:description\" content=\"Cribado de glaucoma para familiares el 1 de marzo. Diagn\u00f3stico precoz gratuito en el Institut de la M\u00e0cula para proteger la salud ocular de los suyos.\" \/>\n<meta property=\"og:url\" content=\"https:\/\/www.institutmacula.com\/es\/jornada-cribado-glaucoma-familiares\/\" \/>\n<meta property=\"og:site_name\" content=\"Institut de la M\u00e0cula\" \/>\n<meta property=\"article:published_time\" content=\"2024-04-19T09:15:00+00:00\" \/>\n<meta property=\"article:modified_time\" content=\"2026-01-28T10:23:42+00:00\" \/>\n<meta property=\"og:image\" content=\"https:\/\/www.institutmacula.com\/wp-content\/uploads\/2026\/01\/jornada-cribatge-glaucoma-familiars.jpg\" \/>\n\t<meta property=\"og:image:width\" content=\"722\" \/>\n\t<meta property=\"og:image:height\" content=\"361\" \/>\n\t<meta property=\"og:image:type\" content=\"image\/jpeg\" \/>\n<meta name=\"author\" content=\"mllibre\" \/>\n<meta name=\"twitter:card\" content=\"summary_large_image\" \/>\n<meta name=\"twitter:label1\" content=\"Escrito por\" \/>\n\t<meta name=\"twitter:data1\" content=\"mllibre\" \/>\n\t<meta name=\"twitter:label2\" content=\"Tiempo de lectura\" \/>\n\t<meta name=\"twitter:data2\" content=\"1 minuto\" \/>\n<script type=\"application\/ld+json\" class=\"yoast-schema-graph\">{\"@context\":\"https:\/\/schema.org\",\"@graph\":[{\"@type\":\"Article\",\"@id\":\"https:\/\/www.institutmacula.com\/es\/jornada-cribado-glaucoma-familiares\/#article\",\"isPartOf\":{\"@id\":\"https:\/\/www.institutmacula.com\/es\/jornada-cribado-glaucoma-familiares\/\"},\"author\":{\"name\":\"mllibre\",\"@id\":\"https:\/\/www.institutmacula.com\/es\/#\/schema\/person\/a686371d69fa87f058071b9d5a952536\"},\"headline\":\"Jornada de Cribado de Glaucoma para familiares de pacientes\",\"datePublished\":\"2024-04-19T09:15:00+00:00\",\"dateModified\":\"2026-01-28T10:23:42+00:00\",\"mainEntityOfPage\":{\"@id\":\"https:\/\/www.institutmacula.com\/es\/jornada-cribado-glaucoma-familiares\/\"},\"wordCount\":169,\"publisher\":{\"@id\":\"https:\/\/www.institutmacula.com\/es\/#organization\"},\"image\":{\"@id\":\"https:\/\/www.institutmacula.com\/es\/jornada-cribado-glaucoma-familiares\/#primaryimage\"},\"thumbnailUrl\":\"https:\/\/www.institutmacula.com\/wp-content\/uploads\/2026\/01\/jornada-cribatge-glaucoma-familiars.jpg\",\"articleSection\":[\"Noticias\"],\"inLanguage\":\"es\"},{\"@type\":\"WebPage\",\"@id\":\"https:\/\/www.institutmacula.com\/es\/jornada-cribado-glaucoma-familiares\/\",\"url\":\"https:\/\/www.institutmacula.com\/es\/jornada-cribado-glaucoma-familiares\/\",\"name\":\"Jornada Cribado Glaucoma | Institut de la M\u00e0cula\",\"isPartOf\":{\"@id\":\"https:\/\/www.institutmacula.com\/es\/#website\"},\"primaryImageOfPage\":{\"@id\":\"https:\/\/www.institutmacula.com\/es\/jornada-cribado-glaucoma-familiares\/#primaryimage\"},\"image\":{\"@id\":\"https:\/\/www.institutmacula.com\/es\/jornada-cribado-glaucoma-familiares\/#primaryimage\"},\"thumbnailUrl\":\"https:\/\/www.institutmacula.com\/wp-content\/uploads\/2026\/01\/jornada-cribatge-glaucoma-familiars.jpg\",\"datePublished\":\"2024-04-19T09:15:00+00:00\",\"dateModified\":\"2026-01-28T10:23:42+00:00\",\"description\":\"Cribado de glaucoma para familiares el 1 de marzo. Diagn\u00f3stico precoz gratuito en el Institut de la M\u00e0cula para proteger la salud ocular de los suyos.\",\"breadcrumb\":{\"@id\":\"https:\/\/www.institutmacula.com\/es\/jornada-cribado-glaucoma-familiares\/#breadcrumb\"},\"inLanguage\":\"es\",\"potentialAction\":[{\"@type\":\"ReadAction\",\"target\":[\"https:\/\/www.institutmacula.com\/es\/jornada-cribado-glaucoma-familiares\/\"]}]},{\"@type\":\"ImageObject\",\"inLanguage\":\"es\",\"@id\":\"https:\/\/www.institutmacula.com\/es\/jornada-cribado-glaucoma-familiares\/#primaryimage\",\"url\":\"https:\/\/www.institutmacula.com\/wp-content\/uploads\/2026\/01\/jornada-cribatge-glaucoma-familiars.jpg\",\"contentUrl\":\"https:\/\/www.institutmacula.com\/wp-content\/uploads\/2026\/01\/jornada-cribatge-glaucoma-familiars.jpg\",\"width\":722,\"height\":361},{\"@type\":\"BreadcrumbList\",\"@id\":\"https:\/\/www.institutmacula.com\/es\/jornada-cribado-glaucoma-familiares\/#breadcrumb\",\"itemListElement\":[{\"@type\":\"ListItem\",\"position\":1,\"name\":\"Inici\",\"item\":\"https:\/\/www.institutmacula.com\/es\/\"},{\"@type\":\"ListItem\",\"position\":2,\"name\":\"Jornada de Cribado de Glaucoma para familiares de pacientes\"}]},{\"@type\":\"WebSite\",\"@id\":\"https:\/\/www.institutmacula.com\/es\/#website\",\"url\":\"https:\/\/www.institutmacula.com\/es\/\",\"name\":\"Institut de la M\u00e0cula\",\"description\":\"Innovating Eye Care\",\"publisher\":{\"@id\":\"https:\/\/www.institutmacula.com\/es\/#organization\"},\"potentialAction\":[{\"@type\":\"SearchAction\",\"target\":{\"@type\":\"EntryPoint\",\"urlTemplate\":\"https:\/\/www.institutmacula.com\/es\/?s={search_term_string}\"},\"query-input\":{\"@type\":\"PropertyValueSpecification\",\"valueRequired\":true,\"valueName\":\"search_term_string\"}}],\"inLanguage\":\"es\"},{\"@type\":\"Organization\",\"@id\":\"https:\/\/www.institutmacula.com\/es\/#organization\",\"name\":\"Institut de la M\u00e0cula\",\"url\":\"https:\/\/www.institutmacula.com\/es\/\",\"logo\":{\"@type\":\"ImageObject\",\"inLanguage\":\"es\",\"@id\":\"https:\/\/www.institutmacula.com\/es\/#\/schema\/logo\/image\/\",\"url\":\"https:\/\/www.institutmacula.com\/wp-content\/uploads\/2024\/02\/logo-Institut-de-la-Macula-24.png\",\"contentUrl\":\"https:\/\/www.institutmacula.com\/wp-content\/uploads\/2024\/02\/logo-Institut-de-la-Macula-24.png\",\"width\":300,\"height\":120,\"caption\":\"Institut de la M\u00e0cula\"},\"image\":{\"@id\":\"https:\/\/www.institutmacula.com\/es\/#\/schema\/logo\/image\/\"}},{\"@type\":\"Person\",\"@id\":\"https:\/\/www.institutmacula.com\/es\/#\/schema\/person\/a686371d69fa87f058071b9d5a952536\",\"name\":\"mllibre\"}]}<\/script>\n<!-- \/ Yoast SEO plugin. -->","yoast_head_json":{"title":"Jornada Cribado Glaucoma | Institut de la M\u00e0cula","description":"Cribado de glaucoma para familiares el 1 de marzo. Diagn\u00f3stico precoz gratuito en el Institut de la M\u00e0cula para proteger la salud ocular de los suyos.","robots":{"index":"index","follow":"follow","max-snippet":"max-snippet:-1","max-image-preview":"max-image-preview:large","max-video-preview":"max-video-preview:-1"},"canonical":"https:\/\/www.institutmacula.com\/es\/jornada-cribado-glaucoma-familiares\/","og_locale":"es_ES","og_type":"article","og_title":"Jornada Cribado Glaucoma | Institut de la M\u00e0cula","og_description":"Cribado de glaucoma para familiares el 1 de marzo. Diagn\u00f3stico precoz gratuito en el Institut de la M\u00e0cula para proteger la salud ocular de los suyos.","og_url":"https:\/\/www.institutmacula.com\/es\/jornada-cribado-glaucoma-familiares\/","og_site_name":"Institut de la M\u00e0cula","article_published_time":"2024-04-19T09:15:00+00:00","article_modified_time":"2026-01-28T10:23:42+00:00","og_image":[{"width":722,"height":361,"url":"https:\/\/www.institutmacula.com\/wp-content\/uploads\/2026\/01\/jornada-cribatge-glaucoma-familiars.jpg","type":"image\/jpeg"}],"author":"mllibre","twitter_card":"summary_large_image","twitter_misc":{"Escrito por":"mllibre","Tiempo de lectura":"1 minuto"},"schema":{"@context":"https:\/\/schema.org","@graph":[{"@type":"Article","@id":"https:\/\/www.institutmacula.com\/es\/jornada-cribado-glaucoma-familiares\/#article","isPartOf":{"@id":"https:\/\/www.institutmacula.com\/es\/jornada-cribado-glaucoma-familiares\/"},"author":{"name":"mllibre","@id":"https:\/\/www.institutmacula.com\/es\/#\/schema\/person\/a686371d69fa87f058071b9d5a952536"},"headline":"Jornada de Cribado de Glaucoma para familiares de pacientes","datePublished":"2024-04-19T09:15:00+00:00","dateModified":"2026-01-28T10:23:42+00:00","mainEntityOfPage":{"@id":"https:\/\/www.institutmacula.com\/es\/jornada-cribado-glaucoma-familiares\/"},"wordCount":169,"publisher":{"@id":"https:\/\/www.institutmacula.com\/es\/#organization"},"image":{"@id":"https:\/\/www.institutmacula.com\/es\/jornada-cribado-glaucoma-familiares\/#primaryimage"},"thumbnailUrl":"https:\/\/www.institutmacula.com\/wp-content\/uploads\/2026\/01\/jornada-cribatge-glaucoma-familiars.jpg","articleSection":["Noticias"],"inLanguage":"es"},{"@type":"WebPage","@id":"https:\/\/www.institutmacula.com\/es\/jornada-cribado-glaucoma-familiares\/","url":"https:\/\/www.institutmacula.com\/es\/jornada-cribado-glaucoma-familiares\/","name":"Jornada Cribado Glaucoma | Institut de la M\u00e0cula","isPartOf":{"@id":"https:\/\/www.institutmacula.com\/es\/#website"},"primaryImageOfPage":{"@id":"https:\/\/www.institutmacula.com\/es\/jornada-cribado-glaucoma-familiares\/#primaryimage"},"image":{"@id":"https:\/\/www.institutmacula.com\/es\/jornada-cribado-glaucoma-familiares\/#primaryimage"},"thumbnailUrl":"https:\/\/www.institutmacula.com\/wp-content\/uploads\/2026\/01\/jornada-cribatge-glaucoma-familiars.jpg","datePublished":"2024-04-19T09:15:00+00:00","dateModified":"2026-01-28T10:23:42+00:00","description":"Cribado de glaucoma para familiares el 1 de marzo. Diagn\u00f3stico precoz gratuito en el Institut de la M\u00e0cula para proteger la salud ocular de los suyos.","breadcrumb":{"@id":"https:\/\/www.institutmacula.com\/es\/jornada-cribado-glaucoma-familiares\/#breadcrumb"},"inLanguage":"es","potentialAction":[{"@type":"ReadAction","target":["https:\/\/www.institutmacula.com\/es\/jornada-cribado-glaucoma-familiares\/"]}]},{"@type":"ImageObject","inLanguage":"es","@id":"https:\/\/www.institutmacula.com\/es\/jornada-cribado-glaucoma-familiares\/#primaryimage","url":"https:\/\/www.institutmacula.com\/wp-content\/uploads\/2026\/01\/jornada-cribatge-glaucoma-familiars.jpg","contentUrl":"https:\/\/www.institutmacula.com\/wp-content\/uploads\/2026\/01\/jornada-cribatge-glaucoma-familiars.jpg","width":722,"height":361},{"@type":"BreadcrumbList","@id":"https:\/\/www.institutmacula.com\/es\/jornada-cribado-glaucoma-familiares\/#breadcrumb","itemListElement":[{"@type":"ListItem","position":1,"name":"Inici","item":"https:\/\/www.institutmacula.com\/es\/"},{"@type":"ListItem","position":2,"name":"Jornada de Cribado de Glaucoma para familiares de pacientes"}]},{"@type":"WebSite","@id":"https:\/\/www.institutmacula.com\/es\/#website","url":"https:\/\/www.institutmacula.com\/es\/","name":"Institut de la M\u00e0cula","description":"Innovating Eye Care","publisher":{"@id":"https:\/\/www.institutmacula.com\/es\/#organization"},"potentialAction":[{"@type":"SearchAction","target":{"@type":"EntryPoint","urlTemplate":"https:\/\/www.institutmacula.com\/es\/?s={search_term_string}"},"query-input":{"@type":"PropertyValueSpecification","valueRequired":true,"valueName":"search_term_string"}}],"inLanguage":"es"},{"@type":"Organization","@id":"https:\/\/www.institutmacula.com\/es\/#organization","name":"Institut de la M\u00e0cula","url":"https:\/\/www.institutmacula.com\/es\/","logo":{"@type":"ImageObject","inLanguage":"es","@id":"https:\/\/www.institutmacula.com\/es\/#\/schema\/logo\/image\/","url":"https:\/\/www.institutmacula.com\/wp-content\/uploads\/2024\/02\/logo-Institut-de-la-Macula-24.png","contentUrl":"https:\/\/www.institutmacula.com\/wp-content\/uploads\/2024\/02\/logo-Institut-de-la-Macula-24.png","width":300,"height":120,"caption":"Institut de la M\u00e0cula"},"image":{"@id":"https:\/\/www.institutmacula.com\/es\/#\/schema\/logo\/image\/"}},{"@type":"Person","@id":"https:\/\/www.institutmacula.com\/es\/#\/schema\/person\/a686371d69fa87f058071b9d5a952536","name":"mllibre"}]}},"_links":{"self":[{"href":"https:\/\/www.institutmacula.com\/es\/wp-json\/wp\/v2\/posts\/8331","targetHints":{"allow":["GET"]}}],"collection":[{"href":"https:\/\/www.institutmacula.com\/es\/wp-json\/wp\/v2\/posts"}],"about":[{"href":"https:\/\/www.institutmacula.com\/es\/wp-json\/wp\/v2\/types\/post"}],"author":[{"embeddable":true,"href":"https:\/\/www.institutmacula.com\/es\/wp-json\/wp\/v2\/users\/1"}],"replies":[{"embeddable":true,"href":"https:\/\/www.institutmacula.com\/es\/wp-json\/wp\/v2\/comments?post=8331"}],"version-history":[{"count":2,"href":"https:\/\/www.institutmacula.com\/es\/wp-json\/wp\/v2\/posts\/8331\/revisions"}],"predecessor-version":[{"id":8335,"href":"https:\/\/www.institutmacula.com\/es\/wp-json\/wp\/v2\/posts\/8331\/revisions\/8335"}],"wp:featuredmedia":[{"embeddable":true,"href":"https:\/\/www.institutmacula.com\/es\/wp-json\/wp\/v2\/media\/8330"}],"wp:attachment":[{"href":"https:\/\/www.institutmacula.com\/es\/wp-json\/wp\/v2\/media?parent=8331"}],"wp:term":[{"taxonomy":"category","embeddable":true,"href":"https:\/\/www.institutmacula.com\/es\/wp-json\/wp\/v2\/categories?post=8331"},{"taxonomy":"post_tag","embeddable":true,"href":"https:\/\/www.institutmacula.com\/es\/wp-json\/wp\/v2\/tags?post=8331"}],"curies":[{"name":"wp","href":"https:\/\/api.w.org\/{rel}","templated":true}]}}